{"id":205677,"date":"2011-03-15T00:00:00","date_gmt":"2011-03-15T00:00:00","guid":{"rendered":"https:\/\/www.ecuadortimes.net\/es\/21-planteles-educativos-en-guayaquil-podrian-ser-clausurados\/"},"modified":"2011-03-15T00:00:00","modified_gmt":"2011-03-15T00:00:00","slug":"21-planteles-educativos-en-guayaquil-podrian-ser-clausurados","status":"publish","type":"post","link":"https:\/\/www.ecuadortimes.net\/es\/21-planteles-educativos-en-guayaquil-podrian-ser-clausurados\/","title":{"rendered":"21 Planteles educativos en Guayaquil podr\u00edan ser clausurados"},"content":{"rendered":"<p>La Intendencia de Polic\u00eda intervendr\u00e1 en la clausura de 21 planteles estudiantiles en el sector norte de la\u00a0\u00a0ciudad de Guayaquil, seg\u00fan asegur\u00f3 la Secretar\u00eda Regional de Educaci\u00f3n.<\/p>\n<p>Seg\u00fan M\u00f3nica Franco, subsecretaria regional de educaci\u00f3n, esta medida es tomada ya que estos colegios no cumplen con los requisitos m\u00ednimos para asegurar una educaci\u00f3n de calidad, mientras que los restantes 14 est\u00e1n funcionando sin la autorizaci\u00f3n del Ministerio de Educaci\u00f3n.<\/p>\n<p>Los establecimientos est\u00e1n ubicados en las cooperativas de vivienda Monte Sina\u00ed, Balerio Estacio, Sergio Toral y zonas aleda\u00f1as, indic\u00f3 Franco.<\/p>\n<p>Por este motivo, se instalar\u00e1n campamentos educativos provisionales con una capacidad para 7.000 alumnos.<\/p>\n<p>El proceso de registro y pre-matricula para los estudiantes que deseen acudir a los campamentos educativos, se realizar\u00e1 a partir de este jueves 17 de marzo.<\/p>\n<p>&nbsp;<\/p>\n<p><strong>Fuente: <\/strong>Diario El Universo<\/p>\n","protected":false},"excerpt":{"rendered":"<p>La Intendencia de Polic\u00eda intervendr\u00e1 en la clausura de 21 planteles estudiantiles en el sector norte de la\u00a0\u00a0ciudad de Guayaquil, seg\u00fan asegur\u00f3 la Secretar\u00eda Regional de Educaci\u00f3n. Seg\u00fan M\u00f3nica Franco, subsecretaria regional de educaci\u00f3n, esta medida es tomada ya que estos colegios no cumplen con los requisitos m\u00ednimos para asegurar una educaci\u00f3n de calidad, mientras que los restantes 14 est\u00e1n funcionando sin la autorizaci\u00f3n del Ministerio de Educaci\u00f3n. Los establecimientos est\u00e1n ubicados en las cooperativas de vivienda Monte Sina\u00ed, Balerio Estacio, Sergio Toral y zonas aleda\u00f1as, indic\u00f3 Franco. Por este motivo, se instalar\u00e1n campamentos educativos provisionales con una capacidad para 7.000 alumnos. El proceso de registro y pre-matricula para los estudiantes que deseen acudir a los campamentos educativos, se realizar\u00e1 a partir de este jueves 17 de marzo. &nbsp; Fuente: Diario El Universo<\/p>\n","protected":false},"author":1,"featured_media":205678,"comment_status":"open","ping_status":"open","sticky":false,"template":"","format":"standard","meta":[],"categories":[35,37],"tags":[],"_links":{"self":[{"href":"https:\/\/www.ecuadortimes.net\/es\/wp-json\/wp\/v2\/posts\/205677"}],"collection":[{"href":"https:\/\/www.ecuadortimes.net\/es\/wp-json\/wp\/v2\/posts"}],"about":[{"href":"https:\/\/www.ecuadortimes.net\/es\/wp-json\/wp\/v2\/types\/post"}],"author":[{"embeddable":true,"href":"https:\/\/www.ecuadortimes.net\/es\/wp-json\/wp\/v2\/users\/1"}],"replies":[{"embeddable":true,"href":"https:\/\/www.ecuadortimes.net\/es\/wp-json\/wp\/v2\/comments?post=205677"}],"version-history":[{"count":0,"href":"https:\/\/www.ecuadortimes.net\/es\/wp-json\/wp\/v2\/posts\/205677\/revisions"}],"wp:featuredmedia":[{"embeddable":true,"href":"https:\/\/www.ecuadortimes.net\/es\/wp-json\/wp\/v2\/media\/205678"}],"wp:attachment":[{"href":"https:\/\/www.ecuadortimes.net\/es\/wp-json\/wp\/v2\/media?parent=205677"}],"wp:term":[{"taxonomy":"category","embeddable":true,"href":"https:\/\/www.ecuadortimes.net\/es\/wp-json\/wp\/v2\/categories?post=205677"},{"taxonomy":"post_tag","embeddable":true,"href":"https:\/\/www.ecuadortimes.net\/es\/wp-json\/wp\/v2\/tags?post=205677"}],"curies":[{"name":"wp","href":"https:\/\/api.w.org\/{rel}","templated":true}]}}