{"id":205679,"date":"2011-03-15T00:00:00","date_gmt":"2011-03-15T00:00:00","guid":{"rendered":"https:\/\/www.ecuadortimes.net\/es\/la-nueva-miss-ecuador-sera-elegida-el-jueves\/"},"modified":"2011-03-15T00:00:00","modified_gmt":"2011-03-15T00:00:00","slug":"la-nueva-miss-ecuador-sera-elegida-el-jueves","status":"publish","type":"post","link":"https:\/\/www.ecuadortimes.net\/es\/la-nueva-miss-ecuador-sera-elegida-el-jueves\/","title":{"rendered":"La nueva Miss Ecuador ser\u00e1 elegida el jueves"},"content":{"rendered":"<p style=\"text-align: center\"><a rel=\"attachment wp-att-21160\" href=\"http:\/\/www.ecuadortimes.net\/2011\/03\/15\/the-new-miss-ecuador-will-be-elected-on-thursday\/misses\/\"><img loading=\"lazy\" class=\"aligncenter size-full wp-image-21160\" src=\"https:\/\/www.ecuadortimes.net\/es\/wp-content\/uploads\/2011\/03\/Misses.png\" alt=\"\" width=\"574\" height=\"463\" \/><\/a><\/p>\n<p style=\"text-align: justify\">Las 19 aspirantes a la corona de Miss Ecuador 2011 llegaron la tarde del jueves a Santo Domingo de los Colorados, sede del certamen este a\u00f1o.<\/p>\n<p style=\"text-align: justify\">El Recinto Ferial de esta ciudad fue remodelado para la presentaci\u00f3n final del evento, una gala que se celebrar\u00e1 este jueves 17 de marzo a las 20:00 donde las candidatas desfilar\u00e1n con trajes t\u00edpicos.<\/p>\n<p style=\"text-align: justify\">Las candidatas participar\u00e1n en la primera competencia atl\u00e9tica 10 K\u0099tedral organizada por el gobierno municipal y por la Di\u00f3cesis de Santo Domingo con el fin de recaudar fondos para la construcci\u00f3n del principal templo religioso de la ciudad.<\/p>\n<p style=\"text-align: justify\">La nueva Miss Ecuador recibir\u00e1 una corona dise\u00f1ada por Daniella Kronfle, hecha con oro blanco, plata, 421 zafiros blancos y 762 cuarzos verdes.<\/p>\n","protected":false},"excerpt":{"rendered":"<p>Las 19 aspirantes a la corona de Miss Ecuador 2011 llegaron la tarde del jueves a Santo Domingo de los Colorados, sede del certamen este a\u00f1o. El Recinto Ferial de esta ciudad fue remodelado para la presentaci\u00f3n final del evento, una gala que se celebrar\u00e1 este jueves 17 de marzo a las 20:00 donde las candidatas desfilar\u00e1n con trajes t\u00edpicos. Las candidatas participar\u00e1n en la primera competencia atl\u00e9tica 10 K\u0099tedral organizada por el gobierno municipal y por la Di\u00f3cesis de Santo Domingo con el fin de recaudar fondos para la construcci\u00f3n del principal templo religioso de la ciudad. La nueva Miss Ecuador recibir\u00e1 una corona dise\u00f1ada por Daniella Kronfle, hecha con oro blanco, plata, 421 zafiros blancos y 762 cuarzos verdes.<\/p>\n","protected":false},"author":1,"featured_media":205680,"comment_status":"open","ping_status":"open","sticky":false,"template":"","format":"standard","meta":[],"categories":[42,37],"tags":[],"_links":{"self":[{"href":"https:\/\/www.ecuadortimes.net\/es\/wp-json\/wp\/v2\/posts\/205679"}],"collection":[{"href":"https:\/\/www.ecuadortimes.net\/es\/wp-json\/wp\/v2\/posts"}],"about":[{"href":"https:\/\/www.ecuadortimes.net\/es\/wp-json\/wp\/v2\/types\/post"}],"author":[{"embeddable":true,"href":"https:\/\/www.ecuadortimes.net\/es\/wp-json\/wp\/v2\/users\/1"}],"replies":[{"embeddable":true,"href":"https:\/\/www.ecuadortimes.net\/es\/wp-json\/wp\/v2\/comments?post=205679"}],"version-history":[{"count":0,"href":"https:\/\/www.ecuadortimes.net\/es\/wp-json\/wp\/v2\/posts\/205679\/revisions"}],"wp:featuredmedia":[{"embeddable":true,"href":"https:\/\/www.ecuadortimes.net\/es\/wp-json\/wp\/v2\/media\/205680"}],"wp:attachment":[{"href":"https:\/\/www.ecuadortimes.net\/es\/wp-json\/wp\/v2\/media?parent=205679"}],"wp:term":[{"taxonomy":"category","embeddable":true,"href":"https:\/\/www.ecuadortimes.net\/es\/wp-json\/wp\/v2\/categories?post=205679"},{"taxonomy":"post_tag","embeddable":true,"href":"https:\/\/www.ecuadortimes.net\/es\/wp-json\/wp\/v2\/tags?post=205679"}],"curies":[{"name":"wp","href":"https:\/\/api.w.org\/{rel}","templated":true}]}}