{"id":205685,"date":"2011-03-15T00:00:00","date_gmt":"2011-03-15T00:00:00","guid":{"rendered":"https:\/\/www.ecuadortimes.net\/es\/defensoria-del-pueblo-entrega-evidencias-de-recien-nacidos-ubicados-en-cajas-y-lavacaras\/"},"modified":"2011-03-15T00:00:00","modified_gmt":"2011-03-15T00:00:00","slug":"defensoria-del-pueblo-entrega-evidencias-de-recien-nacidos-ubicados-en-cajas-y-lavacaras","status":"publish","type":"post","link":"https:\/\/www.ecuadortimes.net\/es\/defensoria-del-pueblo-entrega-evidencias-de-recien-nacidos-ubicados-en-cajas-y-lavacaras\/","title":{"rendered":"Defensor\u00eda del Pueblo entrega evidencias de reci\u00e9n nacidos ubicados en cajas y lavacaras"},"content":{"rendered":"<p><a rel=\"attachment wp-att-21189\" href=\"http:\/\/www.ecuadortimes.net\/es\/2011\/03\/15\/defensoria-del-pueblo-entrega-evidencias-de-recien-nacidos-ubicados-en-cajas-y-lavacaras\/bebe_caja-2\/\"><img loading=\"lazy\" class=\"alignright size-full wp-image-21189\" src=\"https:\/\/www.ecuadortimes.net\/es\/wp-content\/uploads\/2011\/03\/bebe_caja1.jpg\" alt=\"\" width=\"230\" height=\"250\" \/><\/a>Tras una inspecci\u00f3n realizada el pasado 9 de marzo, la Defensor\u00eda del Pueblo de Santo Domingo de los Ts\u00e1chilas, evidenci\u00f3\u00a0las condiciones en la que el Hospital Gustavo Dom\u00ednguez (de esa provincia) atend\u00eda a las maternas y sobre todo a los reci\u00e9n nacidos.<\/p>\n<p>Los beb\u00e9s eran colocados en cajas y tinas pl\u00e1sticas sostenidas por sillas. En muchos casos los bebes ten\u00edan que compartir cunas y cunas radiantes. Este hospital tiene la capacidad de atender a 8 neonatos por d\u00eda, pero recibe a un promedio de 26 a 28. La sala tiene un \u00e1rea de 84 m\u00b2 para 8 camas, pero hay 16. Tiene cuatro termocunas, dos de ellas no funcionan.<\/p>\n<p>El \u00e1rea fue aislada desde el pasado mi\u00e9rcoles para su fumigaci\u00f3n y posterior esterilizaci\u00f3n. Reci\u00e9n ayer abri\u00f3 en un 40%, seg\u00fan fuentes hospitalarias. All\u00ed se detectaron tres bacterias y producto de eso el fallecimiento de trece beb\u00e9s entre enero y febrero del 2011, seg\u00fan la Defensor\u00eda del Pueblo. Jaime Jaramillo, director provincial de Salud, descart\u00f3 tales aclaraciones.<\/p>\n<p>Fuente: Diario El Universo<\/p>\n","protected":false},"excerpt":{"rendered":"<p>Tras una inspecci\u00f3n realizada el pasado 9 de marzo, la Defensor\u00eda del Pueblo de Santo Domingo de los Ts\u00e1chilas, evidenci\u00f3\u00a0las condiciones en la que el Hospital Gustavo Dom\u00ednguez (de esa provincia) atend\u00eda a las maternas y sobre todo a los reci\u00e9n nacidos. Los beb\u00e9s eran colocados en cajas y tinas pl\u00e1sticas sostenidas por sillas. En muchos casos los bebes ten\u00edan que compartir cunas y cunas radiantes. Este hospital tiene la capacidad de atender a 8 neonatos por d\u00eda, pero recibe a un promedio de 26 a 28. La sala tiene un \u00e1rea de 84 m\u00b2 para 8 camas, pero hay 16. Tiene cuatro termocunas, dos de ellas no funcionan. El \u00e1rea fue aislada desde el pasado mi\u00e9rcoles para su fumigaci\u00f3n y posterior esterilizaci\u00f3n. Reci\u00e9n ayer abri\u00f3 en un 40%, seg\u00fan fuentes hospitalarias. All\u00ed se detectaron tres bacterias y producto de eso el fallecimiento de trece beb\u00e9s entre enero y febrero del 2011, seg\u00fan la Defensor\u00eda del Pueblo. Jaime Jaramillo, director provincial de Salud, descart\u00f3 tales aclaraciones. Fuente: Diario El Universo<\/p>\n","protected":false},"author":1,"featured_media":205686,"comment_status":"open","ping_status":"open","sticky":false,"template":"","format":"standard","meta":[],"categories":[35,37],"tags":[],"_links":{"self":[{"href":"https:\/\/www.ecuadortimes.net\/es\/wp-json\/wp\/v2\/posts\/205685"}],"collection":[{"href":"https:\/\/www.ecuadortimes.net\/es\/wp-json\/wp\/v2\/posts"}],"about":[{"href":"https:\/\/www.ecuadortimes.net\/es\/wp-json\/wp\/v2\/types\/post"}],"author":[{"embeddable":true,"href":"https:\/\/www.ecuadortimes.net\/es\/wp-json\/wp\/v2\/users\/1"}],"replies":[{"embeddable":true,"href":"https:\/\/www.ecuadortimes.net\/es\/wp-json\/wp\/v2\/comments?post=205685"}],"version-history":[{"count":0,"href":"https:\/\/www.ecuadortimes.net\/es\/wp-json\/wp\/v2\/posts\/205685\/revisions"}],"wp:featuredmedia":[{"embeddable":true,"href":"https:\/\/www.ecuadortimes.net\/es\/wp-json\/wp\/v2\/media\/205686"}],"wp:attachment":[{"href":"https:\/\/www.ecuadortimes.net\/es\/wp-json\/wp\/v2\/media?parent=205685"}],"wp:term":[{"taxonomy":"category","embeddable":true,"href":"https:\/\/www.ecuadortimes.net\/es\/wp-json\/wp\/v2\/categories?post=205685"},{"taxonomy":"post_tag","embeddable":true,"href":"https:\/\/www.ecuadortimes.net\/es\/wp-json\/wp\/v2\/tags?post=205685"}],"curies":[{"name":"wp","href":"https:\/\/api.w.org\/{rel}","templated":true}]}}