{"id":205695,"date":"2011-03-16T00:00:00","date_gmt":"2011-03-16T00:00:00","guid":{"rendered":"https:\/\/www.ecuadortimes.net\/es\/lady-gaga-apoya-a-japon\/"},"modified":"2011-03-16T00:00:00","modified_gmt":"2011-03-16T00:00:00","slug":"lady-gaga-apoya-a-japon","status":"publish","type":"post","link":"https:\/\/www.ecuadortimes.net\/es\/lady-gaga-apoya-a-japon\/","title":{"rendered":"Lady Gaga apoya a Jap\u00f3n"},"content":{"rendered":"<p style=\"text-align: justify\"><a rel=\"attachment wp-att-21270\" href=\"http:\/\/www.ecuadortimes.net\/es\/2011\/03\/16\/lady-gaga-apoya-a-japon\/japan-bracelet\/\"><img loading=\"lazy\" class=\"aligncenter size-full wp-image-21270\" src=\"https:\/\/www.ecuadortimes.net\/es\/wp-content\/uploads\/2011\/03\/japan-bracelet.jpg\" alt=\"\" width=\"537\" height=\"402\" \/><\/a><\/p>\n<p style=\"text-align: justify\">Lady Gaga aprovech\u00f3 su popularidad en Twitter para ayudar a Jap\u00f3n. La cantante de &#8220;Born This Way&#8221; dise\u00f1\u00f3 una pulsera de silic\u00f3n de color blanco con rojo (colores de la bandera japonesa) y le pidi\u00f3 a sus fans que la compren a trav\u00e9s de su tienda online Lady Gaga Store, para apoyar a los damnificados japoneses.<\/p>\n<p style=\"text-align: justify\"><a rel=\"attachment wp-att-21268\" href=\"http:\/\/www.ecuadortimes.net\/es\/2011\/03\/16\/lady-gaga-apoya-a-japon\/lady-gaga-bracelet\/\"><img loading=\"lazy\" class=\"aligncenter size-full wp-image-21268\" src=\"https:\/\/www.ecuadortimes.net\/es\/wp-content\/uploads\/2011\/03\/lady-gaga-bracelet.png\" alt=\"\" width=\"442\" height=\"174\" \/><\/a><\/p>\n<p style=\"text-align: justify\">La pulsera tiene escrito el mensaje We Pray For Japan\u009d (Rezamos por Jap\u00f3n) en ingl\u00e9s y en japon\u00e9s y una garra (logo indentificativo de Gaga) en color rojo. Tiene un costo de $5 y al momento est\u00e1 disponible para pre-orden ya que estar\u00e1n a la venta a partir del pr\u00f3ximo 25 de marzo.<\/p>\n<p style=\"text-align: justify\">Luego de que la mother Monster anunciar\u00e1 la creaci\u00f3n del brazalete, las pre-ventas del mismo sumaron $250,000 en las primeras 48 horas.<\/p>\n","protected":false},"excerpt":{"rendered":"<p>Lady Gaga aprovech\u00f3 su popularidad en Twitter para ayudar a Jap\u00f3n. La cantante de &#8220;Born This Way&#8221; dise\u00f1\u00f3 una pulsera de silic\u00f3n de color blanco con rojo (colores de la bandera japonesa) y le pidi\u00f3 a sus fans que la compren a trav\u00e9s de su tienda online Lady Gaga Store, para apoyar a los damnificados japoneses. La pulsera tiene escrito el mensaje We Pray For Japan\u009d (Rezamos por Jap\u00f3n) en ingl\u00e9s y en japon\u00e9s y una garra (logo indentificativo de Gaga) en color rojo. Tiene un costo de $5 y al momento est\u00e1 disponible para pre-orden ya que estar\u00e1n a la venta a partir del pr\u00f3ximo 25 de marzo. Luego de que la mother Monster anunciar\u00e1 la creaci\u00f3n del brazalete, las pre-ventas del mismo sumaron $250,000 en las primeras 48 horas.<\/p>\n","protected":false},"author":1,"featured_media":205696,"comment_status":"open","ping_status":"open","sticky":false,"template":"","format":"standard","meta":[],"categories":[44,37],"tags":[],"_links":{"self":[{"href":"https:\/\/www.ecuadortimes.net\/es\/wp-json\/wp\/v2\/posts\/205695"}],"collection":[{"href":"https:\/\/www.ecuadortimes.net\/es\/wp-json\/wp\/v2\/posts"}],"about":[{"href":"https:\/\/www.ecuadortimes.net\/es\/wp-json\/wp\/v2\/types\/post"}],"author":[{"embeddable":true,"href":"https:\/\/www.ecuadortimes.net\/es\/wp-json\/wp\/v2\/users\/1"}],"replies":[{"embeddable":true,"href":"https:\/\/www.ecuadortimes.net\/es\/wp-json\/wp\/v2\/comments?post=205695"}],"version-history":[{"count":0,"href":"https:\/\/www.ecuadortimes.net\/es\/wp-json\/wp\/v2\/posts\/205695\/revisions"}],"wp:featuredmedia":[{"embeddable":true,"href":"https:\/\/www.ecuadortimes.net\/es\/wp-json\/wp\/v2\/media\/205696"}],"wp:attachment":[{"href":"https:\/\/www.ecuadortimes.net\/es\/wp-json\/wp\/v2\/media?parent=205695"}],"wp:term":[{"taxonomy":"category","embeddable":true,"href":"https:\/\/www.ecuadortimes.net\/es\/wp-json\/wp\/v2\/categories?post=205695"},{"taxonomy":"post_tag","embeddable":true,"href":"https:\/\/www.ecuadortimes.net\/es\/wp-json\/wp\/v2\/tags?post=205695"}],"curies":[{"name":"wp","href":"https:\/\/api.w.org\/{rel}","templated":true}]}}