{"id":205701,"date":"2011-03-16T00:00:00","date_gmt":"2011-03-16T00:00:00","guid":{"rendered":"https:\/\/www.ecuadortimes.net\/es\/cerveceria-lucha-por-detener-una-sentencia-ilegitima-e-injusta\/"},"modified":"2011-03-16T00:00:00","modified_gmt":"2011-03-16T00:00:00","slug":"cerveceria-lucha-por-detener-una-sentencia-ilegitima-e-injusta","status":"publish","type":"post","link":"https:\/\/www.ecuadortimes.net\/es\/cerveceria-lucha-por-detener-una-sentencia-ilegitima-e-injusta\/","title":{"rendered":"Cervecer\u00eda lucha por detener una sentencia ileg\u00edtima e injusta"},"content":{"rendered":"<p>Trabajadores de Cervecer\u00eda Nacional\u00a0\u00a0anunciaron ayer que se acoger\u00e1n al derecho-garant\u00eda de la resistencia seg\u00fan el art. 98 establecido en la Constituci\u00f3n ecuatoriana. Esto ocurri\u00f3 horas despu\u00e9s de que la\u00a0tercera Sala Penal del Guayas,\u00a0sentenciara a esta empresa a pagar 90,9 millones a sus ex trabajadores por motivo de utilidades impagas desde hace mas de 20 a\u00f1os.<\/p>\n<p>M\u00e1s de 1.400 empleados que actualmente laboran en Cervecer\u00eda, presentaron un comunicado donde especifican que\u00a0presentar\u00e1n\u00a0una acci\u00f3n extraordinaria de protecci\u00f3n, con el prop\u00f3sito de parar la sentencia ileg\u00edtima e injusta\u009d dictaminada el mi\u00e9rcoles pasado.<\/p>\n<p>Detallan que las acciones prescriben a los tres a\u00f1os impagos, sin embrago la tercera sala les ordena pagar por 21 a\u00f1os. Agregan adem\u00e1s, que contra cualquier ley\u009d se est\u00e1 dictaminando una reparaci\u00f3n econ\u00f3mica cuando eso debe efectuarse por v\u00edas separadas ante un juez de instancias en un juicio verbal sumario.<\/p>\n<p>Por otro lado, los demandantes salieron\u00a0\u00a0a la calle Francisco de Orellana, en Guayaquil para marchar a manera\u00a0de respaldo a la acci\u00f3n de protecci\u00f3n.<\/p>\n<p>Fuente: Diario Expreso<\/p>\n","protected":false},"excerpt":{"rendered":"<p>Trabajadores de Cervecer\u00eda Nacional\u00a0\u00a0anunciaron ayer que se acoger\u00e1n al derecho-garant\u00eda de la resistencia seg\u00fan el art. 98 establecido en la Constituci\u00f3n ecuatoriana. Esto ocurri\u00f3 horas despu\u00e9s de que la\u00a0tercera Sala Penal del Guayas,\u00a0sentenciara a esta empresa a pagar 90,9 millones a sus ex trabajadores por motivo de utilidades impagas desde hace mas de 20 a\u00f1os. M\u00e1s de 1.400 empleados que actualmente laboran en Cervecer\u00eda, presentaron un comunicado donde especifican que\u00a0presentar\u00e1n\u00a0una acci\u00f3n extraordinaria de protecci\u00f3n, con el prop\u00f3sito de parar la sentencia ileg\u00edtima e injusta\u009d dictaminada el mi\u00e9rcoles pasado. Detallan que las acciones prescriben a los tres a\u00f1os impagos, sin embrago la tercera sala les ordena pagar por 21 a\u00f1os. Agregan adem\u00e1s, que contra cualquier ley\u009d se est\u00e1 dictaminando una reparaci\u00f3n econ\u00f3mica cuando eso debe efectuarse por v\u00edas separadas ante un juez de instancias en un juicio verbal sumario. Por otro lado, los demandantes salieron\u00a0\u00a0a la calle Francisco de Orellana, en Guayaquil para marchar a manera\u00a0de respaldo a la acci\u00f3n de protecci\u00f3n. Fuente: Diario Expreso<\/p>\n","protected":false},"author":1,"featured_media":0,"comment_status":"open","ping_status":"open","sticky":false,"template":"","format":"standard","meta":[],"categories":[35,37],"tags":[],"_links":{"self":[{"href":"https:\/\/www.ecuadortimes.net\/es\/wp-json\/wp\/v2\/posts\/205701"}],"collection":[{"href":"https:\/\/www.ecuadortimes.net\/es\/wp-json\/wp\/v2\/posts"}],"about":[{"href":"https:\/\/www.ecuadortimes.net\/es\/wp-json\/wp\/v2\/types\/post"}],"author":[{"embeddable":true,"href":"https:\/\/www.ecuadortimes.net\/es\/wp-json\/wp\/v2\/users\/1"}],"replies":[{"embeddable":true,"href":"https:\/\/www.ecuadortimes.net\/es\/wp-json\/wp\/v2\/comments?post=205701"}],"version-history":[{"count":0,"href":"https:\/\/www.ecuadortimes.net\/es\/wp-json\/wp\/v2\/posts\/205701\/revisions"}],"wp:attachment":[{"href":"https:\/\/www.ecuadortimes.net\/es\/wp-json\/wp\/v2\/media?parent=205701"}],"wp:term":[{"taxonomy":"category","embeddable":true,"href":"https:\/\/www.ecuadortimes.net\/es\/wp-json\/wp\/v2\/categories?post=205701"},{"taxonomy":"post_tag","embeddable":true,"href":"https:\/\/www.ecuadortimes.net\/es\/wp-json\/wp\/v2\/tags?post=205701"}],"curies":[{"name":"wp","href":"https:\/\/api.w.org\/{rel}","templated":true}]}}