{"id":205706,"date":"2011-03-16T00:00:00","date_gmt":"2011-03-16T00:00:00","guid":{"rendered":"https:\/\/www.ecuadortimes.net\/es\/sellos-postales-inmortalizan-recuerdo-de-celia-cruz\/"},"modified":"2011-03-16T00:00:00","modified_gmt":"2011-03-16T00:00:00","slug":"sellos-postales-inmortalizan-recuerdo-de-celia-cruz","status":"publish","type":"post","link":"https:\/\/www.ecuadortimes.net\/es\/sellos-postales-inmortalizan-recuerdo-de-celia-cruz\/","title":{"rendered":"Sellos Postales inmortalizan recuerdo de Celia Cruz"},"content":{"rendered":"<p><a rel=\"attachment wp-att-21340\" href=\"http:\/\/www.ecuadortimes.net\/es\/2011\/03\/16\/sellos-postales-inmortalizan-recuerdo-de-celia-cruz\/images-14\/\"><img loading=\"lazy\" class=\"size-full wp-image-21340 aligncenter\" src=\"https:\/\/www.ecuadortimes.net\/es\/wp-content\/uploads\/2011\/03\/images2.jpg\" alt=\"\" width=\"194\" height=\"259\" \/><\/a><\/p>\n<p>Desde hoy, la imagen de la desaparecida cantante cubana, Celia Cruz, ser\u00e1 inmortalizada en la colecci\u00f3n de sellos postales de Estados Unidos.<\/p>\n<p>Actualmente Cruz, forma parte de la corta lista de leyendas latinas que han honrado en Forever Stamps\u009d. Artistas como Carmen Miranda, Selena, Tito Puente y Carlos Gardel fueron los primeros que hicieron historia inmortalizando su imagen en sellos postales.<\/p>\n<p>Omer Pardillo presidente de Celia Cruz Foundation anunci\u00f3 por medio de un comunicado: &#8220;Es un honor muy bien merecido pues Celia fue, es y ser\u00e1 parte de la cultura americana, y quedar inmortalizada en un sello postal es algo que s\u00e9 le hubiese gustado mucho\u009d.<\/p>\n<p>La presentaci\u00f3n de &#8216;Forever Stamps&#8217; se realiz\u00f3 durante el evento musical &#8216;South By Southwest&#8217;, en Austin, Texas, en presencia de familiares de la salsera y ejecutivos del Servicio Postal de Estados Unidos (USPS).<\/p>\n<p>Las estampillas, que ya est\u00e1n disponibles en todos los servicios postales en Estados Unidos.<\/p>\n<p>&nbsp;<\/p>\n<p>Fuente: EcuavisaTV\u00a0Network<\/p>\n","protected":false},"excerpt":{"rendered":"<p>Desde hoy, la imagen de la desaparecida cantante cubana, Celia Cruz, ser\u00e1 inmortalizada en la colecci\u00f3n de sellos postales de Estados Unidos. Actualmente Cruz, forma parte de la corta lista de leyendas latinas que han honrado en Forever Stamps\u009d. Artistas como Carmen Miranda, Selena, Tito Puente y Carlos Gardel fueron los primeros que hicieron historia inmortalizando su imagen en sellos postales. Omer Pardillo presidente de Celia Cruz Foundation anunci\u00f3 por medio de un comunicado: &#8220;Es un honor muy bien merecido pues Celia fue, es y ser\u00e1 parte de la cultura americana, y quedar inmortalizada en un sello postal es algo que s\u00e9 le hubiese gustado mucho\u009d. La presentaci\u00f3n de &#8216;Forever Stamps&#8217; se realiz\u00f3 durante el evento musical &#8216;South By Southwest&#8217;, en Austin, Texas, en presencia de familiares de la salsera y ejecutivos del Servicio Postal de Estados Unidos (USPS). Las estampillas, que ya est\u00e1n disponibles en todos los servicios postales en Estados Unidos. &nbsp; Fuente: EcuavisaTV\u00a0Network<\/p>\n","protected":false},"author":1,"featured_media":205707,"comment_status":"open","ping_status":"open","sticky":false,"template":"","format":"standard","meta":[],"categories":[44,37],"tags":[],"_links":{"self":[{"href":"https:\/\/www.ecuadortimes.net\/es\/wp-json\/wp\/v2\/posts\/205706"}],"collection":[{"href":"https:\/\/www.ecuadortimes.net\/es\/wp-json\/wp\/v2\/posts"}],"about":[{"href":"https:\/\/www.ecuadortimes.net\/es\/wp-json\/wp\/v2\/types\/post"}],"author":[{"embeddable":true,"href":"https:\/\/www.ecuadortimes.net\/es\/wp-json\/wp\/v2\/users\/1"}],"replies":[{"embeddable":true,"href":"https:\/\/www.ecuadortimes.net\/es\/wp-json\/wp\/v2\/comments?post=205706"}],"version-history":[{"count":0,"href":"https:\/\/www.ecuadortimes.net\/es\/wp-json\/wp\/v2\/posts\/205706\/revisions"}],"wp:featuredmedia":[{"embeddable":true,"href":"https:\/\/www.ecuadortimes.net\/es\/wp-json\/wp\/v2\/media\/205707"}],"wp:attachment":[{"href":"https:\/\/www.ecuadortimes.net\/es\/wp-json\/wp\/v2\/media?parent=205706"}],"wp:term":[{"taxonomy":"category","embeddable":true,"href":"https:\/\/www.ecuadortimes.net\/es\/wp-json\/wp\/v2\/categories?post=205706"},{"taxonomy":"post_tag","embeddable":true,"href":"https:\/\/www.ecuadortimes.net\/es\/wp-json\/wp\/v2\/tags?post=205706"}],"curies":[{"name":"wp","href":"https:\/\/api.w.org\/{rel}","templated":true}]}}