{"id":205708,"date":"2011-03-17T00:00:00","date_gmt":"2011-03-17T00:00:00","guid":{"rendered":"https:\/\/www.ecuadortimes.net\/es\/reina-de-espana-visita-proyectos-de-ayuda-en-ecuador\/"},"modified":"2011-03-17T00:00:00","modified_gmt":"2011-03-17T00:00:00","slug":"reina-de-espana-visita-proyectos-de-ayuda-en-ecuador","status":"publish","type":"post","link":"https:\/\/www.ecuadortimes.net\/es\/reina-de-espana-visita-proyectos-de-ayuda-en-ecuador\/","title":{"rendered":"Reina de Espa\u00f1a visita proyectos de ayuda en Ecuador"},"content":{"rendered":"<p>La reina Sof\u00eda de Espa\u00f1a lleg\u00f3 anoche a Ecuador, un pa\u00eds considerado &#8220;prioritario&#8221; para los proyectos de ayuda espa\u00f1ola y en el que visitar\u00e1 varios programas de desarrollo, adem\u00e1s de reunirse con el presidente, Rafael Correa.<\/p>\n<p>La soberana iniciar\u00e1 sus actividades el jueves\u00a0con una visita al\u00a0Hospital Padre Jos\u00e9 Carollo &#8220;Un Canto a la Vida&#8221;,\u00a0localizado al sur de Quito, el \u00e1rea m\u00e1s pobre de la ciudad, en el cual se construye un ala de neonatolog\u00eda y de pediatr\u00eda con asistencia de la Fundaci\u00f3n Reina Sof\u00eda, as\u00ed como de la organizaci\u00f3n cat\u00f3lica Manos Unidas. Se prev\u00e9 que las nuevas \u00e1reas den atenci\u00f3n a m\u00e1s de 2.500 personas, especialmente madres j\u00f3venes y sus hijos.<\/p>\n<p>Posteriormente\u00a0se trasladar\u00e1 a la Escuela Municipal Taller Quito,<strong> <\/strong>donde unos 130 j\u00f3venes de entre 16 a 22 a\u00f1os de bajos recursos aprenden carpinter\u00eda, tallado en piedra, pintura, pan de oro, metalurgia y electricidad.<\/p>\n<p>El jueves la reina almorzar\u00e1 con el presidente de Ecuador, Rafael Correa, en el Palacio de Carondelet. Esa misma tarde tendr\u00e1 un encuentro con la colonia espa\u00f1ola en la Residencia del Embajador de Espa\u00f1a.<\/p>\n<p>El viernes la soberana se desplazar\u00e1 a Cusubamba, una localidad andina al sur de Quito, donde visitar\u00e1 un proyecto de seguridad alimentaria de la Organizaci\u00f3n No Gubernamental espa\u00f1ola &#8220;Ayuda en Acci\u00f3n&#8221;.\u00a0La reina Sof\u00eda tomar\u00e1 el vuelo de vuelta a Espa\u00f1a el viernes por la tarde, hora local.<\/p>\n<p>Fuente: EFE<\/p>\n","protected":false},"excerpt":{"rendered":"<p>La reina Sof\u00eda de Espa\u00f1a lleg\u00f3 anoche a Ecuador, un pa\u00eds considerado &#8220;prioritario&#8221; para los proyectos de ayuda espa\u00f1ola y en el que visitar\u00e1 varios programas de desarrollo, adem\u00e1s de reunirse con el presidente, Rafael Correa. La soberana iniciar\u00e1 sus actividades el jueves\u00a0con una visita al\u00a0Hospital Padre Jos\u00e9 Carollo &#8220;Un Canto a la Vida&#8221;,\u00a0localizado al sur de Quito, el \u00e1rea m\u00e1s pobre de la ciudad, en el cual se construye un ala de neonatolog\u00eda y de pediatr\u00eda con asistencia de la Fundaci\u00f3n Reina Sof\u00eda, as\u00ed como de la organizaci\u00f3n cat\u00f3lica Manos Unidas. Se prev\u00e9 que las nuevas \u00e1reas den atenci\u00f3n a m\u00e1s de 2.500 personas, especialmente madres j\u00f3venes y sus hijos. Posteriormente\u00a0se trasladar\u00e1 a la Escuela Municipal Taller Quito, donde unos 130 j\u00f3venes de entre 16 a 22 a\u00f1os de bajos recursos aprenden carpinter\u00eda, tallado en piedra, pintura, pan de oro, metalurgia y electricidad. El jueves la reina almorzar\u00e1 con el presidente de Ecuador, Rafael Correa, en el Palacio de Carondelet. Esa misma tarde tendr\u00e1 un encuentro con la colonia espa\u00f1ola en la Residencia del Embajador de Espa\u00f1a. El viernes la soberana se desplazar\u00e1 a Cusubamba, una localidad andina al sur de Quito, donde visitar\u00e1 un proyecto de seguridad alimentaria de la Organizaci\u00f3n No Gubernamental espa\u00f1ola &#8220;Ayuda en Acci\u00f3n&#8221;.\u00a0La reina Sof\u00eda tomar\u00e1 el vuelo de vuelta a Espa\u00f1a el viernes por la tarde, hora local. Fuente: EFE<\/p>\n","protected":false},"author":1,"featured_media":205709,"comment_status":"open","ping_status":"open","sticky":false,"template":"","format":"standard","meta":[],"categories":[35,37],"tags":[],"_links":{"self":[{"href":"https:\/\/www.ecuadortimes.net\/es\/wp-json\/wp\/v2\/posts\/205708"}],"collection":[{"href":"https:\/\/www.ecuadortimes.net\/es\/wp-json\/wp\/v2\/posts"}],"about":[{"href":"https:\/\/www.ecuadortimes.net\/es\/wp-json\/wp\/v2\/types\/post"}],"author":[{"embeddable":true,"href":"https:\/\/www.ecuadortimes.net\/es\/wp-json\/wp\/v2\/users\/1"}],"replies":[{"embeddable":true,"href":"https:\/\/www.ecuadortimes.net\/es\/wp-json\/wp\/v2\/comments?post=205708"}],"version-history":[{"count":0,"href":"https:\/\/www.ecuadortimes.net\/es\/wp-json\/wp\/v2\/posts\/205708\/revisions"}],"wp:featuredmedia":[{"embeddable":true,"href":"https:\/\/www.ecuadortimes.net\/es\/wp-json\/wp\/v2\/media\/205709"}],"wp:attachment":[{"href":"https:\/\/www.ecuadortimes.net\/es\/wp-json\/wp\/v2\/media?parent=205708"}],"wp:term":[{"taxonomy":"category","embeddable":true,"href":"https:\/\/www.ecuadortimes.net\/es\/wp-json\/wp\/v2\/categories?post=205708"},{"taxonomy":"post_tag","embeddable":true,"href":"https:\/\/www.ecuadortimes.net\/es\/wp-json\/wp\/v2\/tags?post=205708"}],"curies":[{"name":"wp","href":"https:\/\/api.w.org\/{rel}","templated":true}]}}