{"id":205716,"date":"2011-03-17T00:00:00","date_gmt":"2011-03-17T00:00:00","guid":{"rendered":"https:\/\/www.ecuadortimes.net\/es\/contenido-digital-de-the-new-york-times-dejara-de-ser-gratuito\/"},"modified":"2011-03-17T00:00:00","modified_gmt":"2011-03-17T00:00:00","slug":"contenido-digital-de-the-new-york-times-dejara-de-ser-gratuito","status":"publish","type":"post","link":"https:\/\/www.ecuadortimes.net\/es\/contenido-digital-de-the-new-york-times-dejara-de-ser-gratuito\/","title":{"rendered":"Contenido digital de The New York Times dejar\u00e1 de ser gratuito"},"content":{"rendered":"<p style=\"text-align: justify\"><a rel=\"attachment wp-att-21411\" href=\"http:\/\/www.ecuadortimes.net\/2011\/03\/17\/digital-content-from-the-new-york-times-will-stop-being-free\/nytimes-digital-trip-top\/\"><img loading=\"lazy\" class=\"alignleft size-medium wp-image-21411\" src=\"https:\/\/www.ecuadortimes.net\/es\/wp-content\/uploads\/2011\/03\/nytimes-digital-trip-top-300x187.jpg\" alt=\"\" width=\"300\" height=\"187\" \/><\/a>El mundialmente reconocido The New York Times anunci\u00f3 hoy que empezar\u00e1 a cobrar por el acceso los contenidos de su p\u00e1gina web.<\/p>\n<p style=\"text-align: justify\">&#8220;Hoy se marca una transici\u00f3n significativa para el Times, un d\u00eda importante en nuestra historia de 159 a\u00f1os de evoluci\u00f3n y reinvenci\u00f3n&#8221;, dijo en un comunicado el presidente y editor del medio, Arthur Sulzberger Jr. &#8220;<\/p>\n<p style=\"text-align: justify\">Desde hoy, los lectores canadienses tendr\u00e1n que pagar por acceder al contenido del Times, mientras que en Estados Unidos y el mundo, se emplear\u00e1 la misma medida a partir del 28 de marzo.<\/p>\n<p style=\"text-align: justify\">El New York Times cobrar\u00e1 un valor mensual de $15 por el acceso ilimitado al contenido de su sitio NYTimes.com, y su aplicaci\u00f3n para smartphones tambi\u00e9n tendr\u00e1un costo. Quienes no paguen por la suscripci\u00f3n mensual solo podr\u00e1n acceder a 20 noticias gratis cada mes.<\/p>\n","protected":false},"excerpt":{"rendered":"<p>El mundialmente reconocido The New York Times anunci\u00f3 hoy que empezar\u00e1 a cobrar por el acceso los contenidos de su p\u00e1gina web. &#8220;Hoy se marca una transici\u00f3n significativa para el Times, un d\u00eda importante en nuestra historia de 159 a\u00f1os de evoluci\u00f3n y reinvenci\u00f3n&#8221;, dijo en un comunicado el presidente y editor del medio, Arthur Sulzberger Jr. &#8220; Desde hoy, los lectores canadienses tendr\u00e1n que pagar por acceder al contenido del Times, mientras que en Estados Unidos y el mundo, se emplear\u00e1 la misma medida a partir del 28 de marzo. El New York Times cobrar\u00e1 un valor mensual de $15 por el acceso ilimitado al contenido de su sitio NYTimes.com, y su aplicaci\u00f3n para smartphones tambi\u00e9n tendr\u00e1un costo. Quienes no paguen por la suscripci\u00f3n mensual solo podr\u00e1n acceder a 20 noticias gratis cada mes.<\/p>\n","protected":false},"author":1,"featured_media":205717,"comment_status":"open","ping_status":"open","sticky":false,"template":"","format":"standard","meta":[],"categories":[31,37],"tags":[],"_links":{"self":[{"href":"https:\/\/www.ecuadortimes.net\/es\/wp-json\/wp\/v2\/posts\/205716"}],"collection":[{"href":"https:\/\/www.ecuadortimes.net\/es\/wp-json\/wp\/v2\/posts"}],"about":[{"href":"https:\/\/www.ecuadortimes.net\/es\/wp-json\/wp\/v2\/types\/post"}],"author":[{"embeddable":true,"href":"https:\/\/www.ecuadortimes.net\/es\/wp-json\/wp\/v2\/users\/1"}],"replies":[{"embeddable":true,"href":"https:\/\/www.ecuadortimes.net\/es\/wp-json\/wp\/v2\/comments?post=205716"}],"version-history":[{"count":0,"href":"https:\/\/www.ecuadortimes.net\/es\/wp-json\/wp\/v2\/posts\/205716\/revisions"}],"wp:featuredmedia":[{"embeddable":true,"href":"https:\/\/www.ecuadortimes.net\/es\/wp-json\/wp\/v2\/media\/205717"}],"wp:attachment":[{"href":"https:\/\/www.ecuadortimes.net\/es\/wp-json\/wp\/v2\/media?parent=205716"}],"wp:term":[{"taxonomy":"category","embeddable":true,"href":"https:\/\/www.ecuadortimes.net\/es\/wp-json\/wp\/v2\/categories?post=205716"},{"taxonomy":"post_tag","embeddable":true,"href":"https:\/\/www.ecuadortimes.net\/es\/wp-json\/wp\/v2\/tags?post=205716"}],"curies":[{"name":"wp","href":"https:\/\/api.w.org\/{rel}","templated":true}]}}