{"id":205724,"date":"2011-03-17T00:00:00","date_gmt":"2011-03-17T00:00:00","guid":{"rendered":"https:\/\/www.ecuadortimes.net\/es\/embajada-de-ecuador-a-la-espera-para-repatriar-compatriotas-desde-japon\/"},"modified":"2011-03-17T00:00:00","modified_gmt":"2011-03-17T00:00:00","slug":"embajada-de-ecuador-a-la-espera-para-repatriar-compatriotas-desde-japon","status":"publish","type":"post","link":"https:\/\/www.ecuadortimes.net\/es\/embajada-de-ecuador-a-la-espera-para-repatriar-compatriotas-desde-japon\/","title":{"rendered":"Embajada de Ecuador a la espera para repatriar compatriotas desde Jap\u00f3n"},"content":{"rendered":"<p><strong>La Embajada\u00a0Ecuatoriana en Jap\u00f3n se encuentra monitoreando a los ecuatorianos que a\u00fan puedan encontrarse fuera de las zonas de riesgo.<\/strong><\/p>\n<p><strong>Javier Ponce Leiva, embajador del Ecuador en Jap\u00f3n, confirm\u00f3 que los compatriotas que se localizaban \u00a0en zonas de riesgo nuclear, ahora est\u00e1n fuera de peligro, congregados en Tokio. Ponce indic\u00f3: Que conozca la embajada no hay un solo ecuatoriano en las zonas de riesgo\u009d.<\/strong><\/p>\n<p><strong>Aunque se estima una pr\u00f3xima repatriaci\u00f3n, asegura que existen complicaciones y agrega que la soluci\u00f3n no es regresarlos a Ecuador inmediatamente, debido a los m\u00faltiples casos de\u00a0matrimonios con hijos, pues existen m\u00e1s probabilidades de que no quieran salir del pa\u00eds. En ese caso, las familias serian trasladadas a sitios seguros.<\/strong><\/p>\n<p><strong>A pesar de creer que a\u00fan es prematuro retornar\u00a0a los compatriotas, reafirm\u00f3 la voluntad del Gobierno de ayudar a trav\u00e9s de la embajada. (\u00a6) Yo estoy enviando un resumen de todo lo que los diferentes pa\u00edses est\u00e1n optando con sus ciudadanos para que el Gobierno analice la soluci\u00f3n para los nuestros\u009d afirm\u00f3.<\/strong><\/p>\n<p>&nbsp;<\/p>\n<p>Fuente: Diario EL Universo<\/p>\n","protected":false},"excerpt":{"rendered":"<p>La Embajada\u00a0Ecuatoriana en Jap\u00f3n se encuentra monitoreando a los ecuatorianos que a\u00fan puedan encontrarse fuera de las zonas de riesgo. Javier Ponce Leiva, embajador del Ecuador en Jap\u00f3n, confirm\u00f3 que los compatriotas que se localizaban \u00a0en zonas de riesgo nuclear, ahora est\u00e1n fuera de peligro, congregados en Tokio. Ponce indic\u00f3: Que conozca la embajada no hay un solo ecuatoriano en las zonas de riesgo\u009d. Aunque se estima una pr\u00f3xima repatriaci\u00f3n, asegura que existen complicaciones y agrega que la soluci\u00f3n no es regresarlos a Ecuador inmediatamente, debido a los m\u00faltiples casos de\u00a0matrimonios con hijos, pues existen m\u00e1s probabilidades de que no quieran salir del pa\u00eds. En ese caso, las familias serian trasladadas a sitios seguros. A pesar de creer que a\u00fan es prematuro retornar\u00a0a los compatriotas, reafirm\u00f3 la voluntad del Gobierno de ayudar a trav\u00e9s de la embajada. (\u00a6) Yo estoy enviando un resumen de todo lo que los diferentes pa\u00edses est\u00e1n optando con sus ciudadanos para que el Gobierno analice la soluci\u00f3n para los nuestros\u009d afirm\u00f3. &nbsp; Fuente: Diario EL Universo<\/p>\n","protected":false},"author":1,"featured_media":205725,"comment_status":"open","ping_status":"open","sticky":false,"template":"","format":"standard","meta":[],"categories":[45,37],"tags":[],"_links":{"self":[{"href":"https:\/\/www.ecuadortimes.net\/es\/wp-json\/wp\/v2\/posts\/205724"}],"collection":[{"href":"https:\/\/www.ecuadortimes.net\/es\/wp-json\/wp\/v2\/posts"}],"about":[{"href":"https:\/\/www.ecuadortimes.net\/es\/wp-json\/wp\/v2\/types\/post"}],"author":[{"embeddable":true,"href":"https:\/\/www.ecuadortimes.net\/es\/wp-json\/wp\/v2\/users\/1"}],"replies":[{"embeddable":true,"href":"https:\/\/www.ecuadortimes.net\/es\/wp-json\/wp\/v2\/comments?post=205724"}],"version-history":[{"count":0,"href":"https:\/\/www.ecuadortimes.net\/es\/wp-json\/wp\/v2\/posts\/205724\/revisions"}],"wp:featuredmedia":[{"embeddable":true,"href":"https:\/\/www.ecuadortimes.net\/es\/wp-json\/wp\/v2\/media\/205725"}],"wp:attachment":[{"href":"https:\/\/www.ecuadortimes.net\/es\/wp-json\/wp\/v2\/media?parent=205724"}],"wp:term":[{"taxonomy":"category","embeddable":true,"href":"https:\/\/www.ecuadortimes.net\/es\/wp-json\/wp\/v2\/categories?post=205724"},{"taxonomy":"post_tag","embeddable":true,"href":"https:\/\/www.ecuadortimes.net\/es\/wp-json\/wp\/v2\/tags?post=205724"}],"curies":[{"name":"wp","href":"https:\/\/api.w.org\/{rel}","templated":true}]}}