{"id":205730,"date":"2011-03-18T00:00:00","date_gmt":"2011-03-18T00:00:00","guid":{"rendered":"https:\/\/www.ecuadortimes.net\/es\/claudia-schiess-es-la-nueva-miss-ecuador\/"},"modified":"2011-03-18T00:00:00","modified_gmt":"2011-03-18T00:00:00","slug":"claudia-schiess-es-la-nueva-miss-ecuador","status":"publish","type":"post","link":"https:\/\/www.ecuadortimes.net\/es\/claudia-schiess-es-la-nueva-miss-ecuador\/","title":{"rendered":"Claudia Schiess es la nueva Miss Ecuador"},"content":{"rendered":"<p style=\"text-align: justify\"><a rel=\"attachment wp-att-21497\" href=\"http:\/\/www.ecuadortimes.net\/2011\/03\/18\/claudia-schiess-is-the-new-miss-ecuador\/schiess\/\"><img loading=\"lazy\" class=\"alignleft size-medium wp-image-21497\" src=\"https:\/\/www.ecuadortimes.net\/es\/wp-content\/uploads\/2011\/03\/Schiess-300x221.jpg\" alt=\"\" width=\"300\" height=\"221\" \/><\/a>La candidata Claudia Elena Schiess Fretz, proveniente de Gal\u00e1pagos fue coronada como la Miss Ecuador 2011 la noche de ayer en Santo Domingo de los Ts\u00e1chilas.<\/p>\n<p style=\"text-align: justify\">La nueva soberana tiene 21 a\u00f1os, se cri\u00f3 en la Isla Santa Cruz, su madre es suiza y su padre ecuatoriano. Actualmente se desempe\u00f1a como maquilladora profesional y estudia ingenier\u00eda comercial en la Universidad del Pac\u00edfico. Schiess adem\u00e1s fue la ganadora del Rostro Yanbal, Miss Sedal y Miss Agua Cielo.<\/p>\n<p style=\"text-align: justify\">El grupo de finalistas estuvo conformado por Mar\u00eda Ver\u00f3nica Vargas, Miss \u00a0Ecuador Mundo, Mar\u00eda Fernanda Cornejo, Miss Ecuador Internacional, Olga \u00c3\u0081lava y Leslie Ayala, tercera y cuarta finalista respectivamente.<\/p>\n<p style=\"text-align: justify\">Me encantar\u00eda realizar obras sociales, colaborar con la educaci\u00f3n, la salud, el medio ambiente y el turismo\u009d, afirm\u00f3 Schiess.<\/p>\n<p style=\"text-align: justify\">Fuente: El Universo<\/p>\n","protected":false},"excerpt":{"rendered":"<p>La candidata Claudia Elena Schiess Fretz, proveniente de Gal\u00e1pagos fue coronada como la Miss Ecuador 2011 la noche de ayer en Santo Domingo de los Ts\u00e1chilas. La nueva soberana tiene 21 a\u00f1os, se cri\u00f3 en la Isla Santa Cruz, su madre es suiza y su padre ecuatoriano. Actualmente se desempe\u00f1a como maquilladora profesional y estudia ingenier\u00eda comercial en la Universidad del Pac\u00edfico. Schiess adem\u00e1s fue la ganadora del Rostro Yanbal, Miss Sedal y Miss Agua Cielo. El grupo de finalistas estuvo conformado por Mar\u00eda Ver\u00f3nica Vargas, Miss \u00a0Ecuador Mundo, Mar\u00eda Fernanda Cornejo, Miss Ecuador Internacional, Olga \u00c3\u0081lava y Leslie Ayala, tercera y cuarta finalista respectivamente. Me encantar\u00eda realizar obras sociales, colaborar con la educaci\u00f3n, la salud, el medio ambiente y el turismo\u009d, afirm\u00f3 Schiess. Fuente: El Universo<\/p>\n","protected":false},"author":1,"featured_media":205731,"comment_status":"open","ping_status":"open","sticky":false,"template":"","format":"standard","meta":[],"categories":[35,37],"tags":[],"_links":{"self":[{"href":"https:\/\/www.ecuadortimes.net\/es\/wp-json\/wp\/v2\/posts\/205730"}],"collection":[{"href":"https:\/\/www.ecuadortimes.net\/es\/wp-json\/wp\/v2\/posts"}],"about":[{"href":"https:\/\/www.ecuadortimes.net\/es\/wp-json\/wp\/v2\/types\/post"}],"author":[{"embeddable":true,"href":"https:\/\/www.ecuadortimes.net\/es\/wp-json\/wp\/v2\/users\/1"}],"replies":[{"embeddable":true,"href":"https:\/\/www.ecuadortimes.net\/es\/wp-json\/wp\/v2\/comments?post=205730"}],"version-history":[{"count":0,"href":"https:\/\/www.ecuadortimes.net\/es\/wp-json\/wp\/v2\/posts\/205730\/revisions"}],"wp:featuredmedia":[{"embeddable":true,"href":"https:\/\/www.ecuadortimes.net\/es\/wp-json\/wp\/v2\/media\/205731"}],"wp:attachment":[{"href":"https:\/\/www.ecuadortimes.net\/es\/wp-json\/wp\/v2\/media?parent=205730"}],"wp:term":[{"taxonomy":"category","embeddable":true,"href":"https:\/\/www.ecuadortimes.net\/es\/wp-json\/wp\/v2\/categories?post=205730"},{"taxonomy":"post_tag","embeddable":true,"href":"https:\/\/www.ecuadortimes.net\/es\/wp-json\/wp\/v2\/tags?post=205730"}],"curies":[{"name":"wp","href":"https:\/\/api.w.org\/{rel}","templated":true}]}}