{"id":205736,"date":"2011-03-18T00:00:00","date_gmt":"2011-03-18T00:00:00","guid":{"rendered":"https:\/\/www.ecuadortimes.net\/es\/se-incrementan-cifras-5-429-muertos-y-9-594-desaparecidos-en-japon\/"},"modified":"2011-03-18T00:00:00","modified_gmt":"2011-03-18T00:00:00","slug":"se-incrementan-cifras-5-429-muertos-y-9-594-desaparecidos-en-japon","status":"publish","type":"post","link":"https:\/\/www.ecuadortimes.net\/es\/se-incrementan-cifras-5-429-muertos-y-9-594-desaparecidos-en-japon\/","title":{"rendered":"Se incrementan cifras: 5.429 muertos y 9.594 desaparecidos en Jap\u00f3n"},"content":{"rendered":"<p><a rel=\"attachment wp-att-21520\" href=\"http:\/\/www.ecuadortimes.net\/es\/2011\/03\/18\/se-incrementan-cifras-5-429-muertos-y-9-594-desaparecidos-en-japon\/japan-victims-2\/\"><img loading=\"lazy\" class=\"alignleft size-medium wp-image-21520\" title=\"V\u00edctimas de Jap\u00f3n \" src=\"https:\/\/www.ecuadortimes.net\/es\/wp-content\/uploads\/2011\/03\/Japan-victims1-225x300.jpg\" alt=\"\" width=\"158\" height=\"210\" \/><\/a>Las autoridades de Jap\u00f3n aumentaron a 5.429 los muertos y a 9.594 los desaparecidos por el terremoto y posterior tsunami en el noreste de pa\u00eds, seg\u00fan el \u00faltimo c\u00f3mputo oficial facilitado hoy por la Polic\u00eda. Se teme que la cifra final de v\u00edctimas se incremente pues en las provincias m\u00e1s afectadas, Iwate, Miyagi y Fukushima, miles de personas siguen sin ser localizadas.<\/p>\n<p style=\"text-align: justify;\">M\u00e1s de 100.000 militares y reservistas japoneses, ayudados por voluntarios extranjeros especialistas en salvamento, buscan supervivientes atrapados bajo los escombros o arrastrados mar adentro por la ola gigante de diez metros de altura.<\/p>\n<p style=\"text-align: justify;\">Hasta ahora se han rescatado a unas 26.000 personas, seg\u00fan el Gobierno nip\u00f3n. Casi 80.000 edificios y viviendas fueron destruidos y m\u00e1s de medio mill\u00f3n de evacuados vive en unos 2.500 refugios temporales, muchos de los cuales no tienen agua potable o electricidad.<\/p>\n<p style=\"text-align: justify;\">La magnitud de la tragedia llev\u00f3 ayer al emperador Akihito a dirigirse por televisi\u00f3n a la poblaci\u00f3n por primera vez en sus 22 a\u00f1os de reinado para pedir solidaridad, calma y rezar por los supervivientes.<\/p>\n<p style=\"text-align: justify;\">Fuente: EFE<\/p>\n","protected":false},"excerpt":{"rendered":"<p>Las autoridades de Jap\u00f3n aumentaron a 5.429 los muertos y a 9.594 los desaparecidos por el terremoto y posterior tsunami en el noreste de pa\u00eds, seg\u00fan el \u00faltimo c\u00f3mputo oficial facilitado hoy por la Polic\u00eda. Se teme que la cifra final de v\u00edctimas se incremente pues en las provincias m\u00e1s afectadas, Iwate, Miyagi y Fukushima, miles de personas siguen sin ser localizadas. M\u00e1s de 100.000 militares y reservistas japoneses, ayudados por voluntarios extranjeros especialistas en salvamento, buscan supervivientes atrapados bajo los escombros o arrastrados mar adentro por la ola gigante de diez metros de altura. Hasta ahora se han rescatado a unas 26.000 personas, seg\u00fan el Gobierno nip\u00f3n. Casi 80.000 edificios y viviendas fueron destruidos y m\u00e1s de medio mill\u00f3n de evacuados vive en unos 2.500 refugios temporales, muchos de los cuales no tienen agua potable o electricidad. La magnitud de la tragedia llev\u00f3 ayer al emperador Akihito a dirigirse por televisi\u00f3n a la poblaci\u00f3n por primera vez en sus 22 a\u00f1os de reinado para pedir solidaridad, calma y rezar por los supervivientes. Fuente: EFE<\/p>\n","protected":false},"author":1,"featured_media":205737,"comment_status":"open","ping_status":"open","sticky":false,"template":"","format":"standard","meta":[],"categories":[36,37],"tags":[],"_links":{"self":[{"href":"https:\/\/www.ecuadortimes.net\/es\/wp-json\/wp\/v2\/posts\/205736"}],"collection":[{"href":"https:\/\/www.ecuadortimes.net\/es\/wp-json\/wp\/v2\/posts"}],"about":[{"href":"https:\/\/www.ecuadortimes.net\/es\/wp-json\/wp\/v2\/types\/post"}],"author":[{"embeddable":true,"href":"https:\/\/www.ecuadortimes.net\/es\/wp-json\/wp\/v2\/users\/1"}],"replies":[{"embeddable":true,"href":"https:\/\/www.ecuadortimes.net\/es\/wp-json\/wp\/v2\/comments?post=205736"}],"version-history":[{"count":0,"href":"https:\/\/www.ecuadortimes.net\/es\/wp-json\/wp\/v2\/posts\/205736\/revisions"}],"wp:featuredmedia":[{"embeddable":true,"href":"https:\/\/www.ecuadortimes.net\/es\/wp-json\/wp\/v2\/media\/205737"}],"wp:attachment":[{"href":"https:\/\/www.ecuadortimes.net\/es\/wp-json\/wp\/v2\/media?parent=205736"}],"wp:term":[{"taxonomy":"category","embeddable":true,"href":"https:\/\/www.ecuadortimes.net\/es\/wp-json\/wp\/v2\/categories?post=205736"},{"taxonomy":"post_tag","embeddable":true,"href":"https:\/\/www.ecuadortimes.net\/es\/wp-json\/wp\/v2\/tags?post=205736"}],"curies":[{"name":"wp","href":"https:\/\/api.w.org\/{rel}","templated":true}]}}