{"id":205740,"date":"2011-03-18T00:00:00","date_gmt":"2011-03-18T00:00:00","guid":{"rendered":"https:\/\/www.ecuadortimes.net\/es\/la-ctg-sera-reemplazada-por-la-cte\/"},"modified":"2011-03-18T00:00:00","modified_gmt":"2011-03-18T00:00:00","slug":"la-ctg-sera-reemplazada-por-la-cte","status":"publish","type":"post","link":"https:\/\/www.ecuadortimes.net\/es\/la-ctg-sera-reemplazada-por-la-cte\/","title":{"rendered":"La CTG ser\u00e1 reemplazada por la CTE"},"content":{"rendered":"<div>\n<div>\n<p style=\"text-align: justify\">La Comisi\u00f3n de Tr\u00e1nsito del Guayas (CTG) desaparece y en reemplazo se crea la Comisi\u00f3n de Tr\u00e1nsito del Ecuador (CTE), por resoluci\u00f3n de la Asamblea Nacional ecuatoriana. Dentro de las resoluciones tambi\u00e9n se crea la Agencia Nacional de Regulaci\u00f3n y Control del Transporte Terrestre, Tr\u00e1nsito y Seguridad Vial, que estar\u00e1 adscrita al Ministerio de Transporte y Obras P\u00fablicas, que para su operatividad tendr\u00e1 un directorio que elaborar\u00e1 el plan nacional de transporte y supervisar\u00e1 su cumplimiento.<\/p>\n<p style=\"text-align: justify\">La CTE ser\u00e1 una instituci\u00f3n nacional, y su directorio estar\u00e1 conformado por un delegado del Ministerio de Transporte, uno del presidente de la Rep\u00fablica, el ministro del Interior o su delegado y dos representantes de la Asociaci\u00f3n de Municipalidades del Ecuador (AME). El patrimonio, bienes y personal que ten\u00eda la CTG pasar\u00e1n a la nueva entidad, previa evaluaci\u00f3n.<\/p>\n<p style=\"text-align: justify\">Fuente: El Universo<\/p>\n<\/div>\n<p style=\"text-align: justify\">&nbsp;<\/p>\n<\/div>\n","protected":false},"excerpt":{"rendered":"<p>La Comisi\u00f3n de Tr\u00e1nsito del Guayas (CTG) desaparece y en reemplazo se crea la Comisi\u00f3n de Tr\u00e1nsito del Ecuador (CTE), por resoluci\u00f3n de la Asamblea Nacional ecuatoriana. Dentro de las resoluciones tambi\u00e9n se crea la Agencia Nacional de Regulaci\u00f3n y Control del Transporte Terrestre, Tr\u00e1nsito y Seguridad Vial, que estar\u00e1 adscrita al Ministerio de Transporte y Obras P\u00fablicas, que para su operatividad tendr\u00e1 un directorio que elaborar\u00e1 el plan nacional de transporte y supervisar\u00e1 su cumplimiento. La CTE ser\u00e1 una instituci\u00f3n nacional, y su directorio estar\u00e1 conformado por un delegado del Ministerio de Transporte, uno del presidente de la Rep\u00fablica, el ministro del Interior o su delegado y dos representantes de la Asociaci\u00f3n de Municipalidades del Ecuador (AME). El patrimonio, bienes y personal que ten\u00eda la CTG pasar\u00e1n a la nueva entidad, previa evaluaci\u00f3n. Fuente: El Universo &nbsp;<\/p>\n","protected":false},"author":1,"featured_media":205741,"comment_status":"open","ping_status":"open","sticky":false,"template":"","format":"standard","meta":[],"categories":[35,37],"tags":[],"_links":{"self":[{"href":"https:\/\/www.ecuadortimes.net\/es\/wp-json\/wp\/v2\/posts\/205740"}],"collection":[{"href":"https:\/\/www.ecuadortimes.net\/es\/wp-json\/wp\/v2\/posts"}],"about":[{"href":"https:\/\/www.ecuadortimes.net\/es\/wp-json\/wp\/v2\/types\/post"}],"author":[{"embeddable":true,"href":"https:\/\/www.ecuadortimes.net\/es\/wp-json\/wp\/v2\/users\/1"}],"replies":[{"embeddable":true,"href":"https:\/\/www.ecuadortimes.net\/es\/wp-json\/wp\/v2\/comments?post=205740"}],"version-history":[{"count":0,"href":"https:\/\/www.ecuadortimes.net\/es\/wp-json\/wp\/v2\/posts\/205740\/revisions"}],"wp:featuredmedia":[{"embeddable":true,"href":"https:\/\/www.ecuadortimes.net\/es\/wp-json\/wp\/v2\/media\/205741"}],"wp:attachment":[{"href":"https:\/\/www.ecuadortimes.net\/es\/wp-json\/wp\/v2\/media?parent=205740"}],"wp:term":[{"taxonomy":"category","embeddable":true,"href":"https:\/\/www.ecuadortimes.net\/es\/wp-json\/wp\/v2\/categories?post=205740"},{"taxonomy":"post_tag","embeddable":true,"href":"https:\/\/www.ecuadortimes.net\/es\/wp-json\/wp\/v2\/tags?post=205740"}],"curies":[{"name":"wp","href":"https:\/\/api.w.org\/{rel}","templated":true}]}}