{"id":205742,"date":"2011-03-18T00:00:00","date_gmt":"2011-03-18T00:00:00","guid":{"rendered":"https:\/\/www.ecuadortimes.net\/es\/director-del-hospital-isidro-ayora-de-loja-renuncia-despues-de-las-26-muertes\/"},"modified":"2011-03-18T00:00:00","modified_gmt":"2011-03-18T00:00:00","slug":"director-del-hospital-isidro-ayora-de-loja-renuncia-despues-de-las-26-muertes","status":"publish","type":"post","link":"https:\/\/www.ecuadortimes.net\/es\/director-del-hospital-isidro-ayora-de-loja-renuncia-despues-de-las-26-muertes\/","title":{"rendered":"Director del Hospital Isidro Ayora de Loja renuncia despu\u00e9s de las 26 muertes"},"content":{"rendered":"<div>\n<p style=\"text-align: justify;\">Luego de casi dos a\u00f1os en el cargo de director del hospital Isidro Ayora de Loja, Daniel Astudillo decidi\u00f3 renunciar la noche de ayer tras el esc\u00e1ndalo de las muertes de 26 neonatos por negligencia m\u00e9dica.<\/p>\n<p style=\"text-align: justify;\">Astudillo asegur\u00f3 que deja su cargo con el af\u00e1n de facilitar a la fiscal\u00eda las investigaciones por la muerte de los 26 reci\u00e9n nacidos. La bacteria enterobacter, detectada en los jabones del hospital, podr\u00eda haber sido la causante de la muerte de los neonatos, la fiscal\u00eda est\u00e1 indagando el caso.<\/p>\n<p style=\"text-align: justify;\">Fuente: Ecuavisa<\/p>\n<\/div>\n","protected":false},"excerpt":{"rendered":"<p>Luego de casi dos a\u00f1os en el cargo de director del hospital Isidro Ayora de Loja, Daniel Astudillo decidi\u00f3 renunciar la noche de ayer tras el esc\u00e1ndalo de las muertes de 26 neonatos por negligencia m\u00e9dica. Astudillo asegur\u00f3 que deja su cargo con el af\u00e1n de facilitar a la fiscal\u00eda las investigaciones por la muerte de los 26 reci\u00e9n nacidos. La bacteria enterobacter, detectada en los jabones del hospital, podr\u00eda haber sido la causante de la muerte de los neonatos, la fiscal\u00eda est\u00e1 indagando el caso. Fuente: Ecuavisa<\/p>\n","protected":false},"author":1,"featured_media":205743,"comment_status":"open","ping_status":"open","sticky":false,"template":"","format":"standard","meta":[],"categories":[35,37,30],"tags":[],"_links":{"self":[{"href":"https:\/\/www.ecuadortimes.net\/es\/wp-json\/wp\/v2\/posts\/205742"}],"collection":[{"href":"https:\/\/www.ecuadortimes.net\/es\/wp-json\/wp\/v2\/posts"}],"about":[{"href":"https:\/\/www.ecuadortimes.net\/es\/wp-json\/wp\/v2\/types\/post"}],"author":[{"embeddable":true,"href":"https:\/\/www.ecuadortimes.net\/es\/wp-json\/wp\/v2\/users\/1"}],"replies":[{"embeddable":true,"href":"https:\/\/www.ecuadortimes.net\/es\/wp-json\/wp\/v2\/comments?post=205742"}],"version-history":[{"count":0,"href":"https:\/\/www.ecuadortimes.net\/es\/wp-json\/wp\/v2\/posts\/205742\/revisions"}],"wp:featuredmedia":[{"embeddable":true,"href":"https:\/\/www.ecuadortimes.net\/es\/wp-json\/wp\/v2\/media\/205743"}],"wp:attachment":[{"href":"https:\/\/www.ecuadortimes.net\/es\/wp-json\/wp\/v2\/media?parent=205742"}],"wp:term":[{"taxonomy":"category","embeddable":true,"href":"https:\/\/www.ecuadortimes.net\/es\/wp-json\/wp\/v2\/categories?post=205742"},{"taxonomy":"post_tag","embeddable":true,"href":"https:\/\/www.ecuadortimes.net\/es\/wp-json\/wp\/v2\/tags?post=205742"}],"curies":[{"name":"wp","href":"https:\/\/api.w.org\/{rel}","templated":true}]}}