{"id":205752,"date":"2011-03-18T00:00:00","date_gmt":"2011-03-18T00:00:00","guid":{"rendered":"https:\/\/www.ecuadortimes.net\/es\/en-medio-de-acontecimientos-mundiales-obama-realizara-gira-por-latinoamerica\/"},"modified":"2011-03-18T00:00:00","modified_gmt":"2011-03-18T00:00:00","slug":"en-medio-de-acontecimientos-mundiales-obama-realizara-gira-por-latinoamerica","status":"publish","type":"post","link":"https:\/\/www.ecuadortimes.net\/es\/en-medio-de-acontecimientos-mundiales-obama-realizara-gira-por-latinoamerica\/","title":{"rendered":"En medio de acontecimientos mundiales, Obama realizar\u00e1 gira por Latinoam\u00e9rica"},"content":{"rendered":"<p><strong><a rel=\"attachment wp-att-21628\" href=\"http:\/\/www.ecuadortimes.net\/es\/2011\/03\/18\/en-medio-de-acontecimientos-mundiales-obama-realizara-gira-por-latinoamerica\/obama-april-18-2009-trinidad-and-tobago-fifth-summit-2\/\"><img loading=\"lazy\" class=\"alignright size-full wp-image-21628\" src=\"https:\/\/www.ecuadortimes.net\/es\/wp-content\/uploads\/2011\/03\/obama-april-18-2009-trinidad-and-tobago-fifth-summit1.jpg\" alt=\"\" width=\"288\" height=\"192\" \/><\/a>El Presidente de los Estados Unidos, Barack Obama, realizar\u00e1 una gira por Latinoam\u00e9rica. Brasilia fue su primer pa\u00eds en visitar y posteriormente viajar\u00e1 a R\u00edo de Janeiro, Santiago de Chile y San Salvador. <\/strong><\/p>\n<p><strong>El asesor para Am\u00e9rica Latina de Obama,<\/strong><strong> Dan Restrepo y varios de sus f<\/strong><strong>uncionarios aseguraron que los acontecimientos en el Medio Oriente, \u00c3\u0081frica y Jap\u00f3n nublen esta gira pol\u00edtica, mas bien\u00a0 consideran que es de vital importancia para los intereses estadounidenses de Am\u00e9rica Latina.<\/strong><\/p>\n<p><strong>Dos a\u00f1os atr\u00e1s, el primer mandatario estadounidense se hab\u00eda reunido con sus hom\u00f3logos en la Cumbre de las Am\u00e9ricas, en Trinidad y Tobago, donde prometi\u00f3 mejorar las relaciones con esta regi\u00f3n despu\u00e9s de las desatinadas acciones realizadas en el gobierno de George W. Bush.<\/strong><\/p>\n<p><strong>El presidente, conversar\u00e1 con sus contrapartes en los tres pa\u00edses sobre temas comerciales, energ\u00e9ticos, medioambientales y de seguridad ciudadana. Entre sus prioridades estar\u00e1 el impulso de la influencia estadounidense en Latinoam\u00e9rica, donde actores como China han ganado terreno y se buscar\u00e1n nuevos mercados para su pa\u00eds,<\/strong><\/p>\n<p><strong>En Brasil Obama tendr\u00e1 una muy buena oportunidad para empezar una nueva relaci\u00f3n&#8221; con la presidenta Dilma Rousseff, despu\u00e9s de las diferencias existentes en el gobierno de Lula da Silva, Mientras que en Chile dar\u00e1 un discurso donde sentar\u00e1 las bases de la nueva relaci\u00f3n con Am\u00e9rica Latina y destacar\u00e1\u00a0 a este pa\u00eds como un ejemplo de gobierno exitoso. En El Salvador los temas que destacar\u00e1n ser\u00e1n lucha contra el crimen organizado y migraci\u00f3n.<\/strong><\/p>\n<p><strong><br \/>\n<\/strong><\/p>\n<p><strong>Fuente: Diario El Universo<\/strong><\/p>\n","protected":false},"excerpt":{"rendered":"<p>El Presidente de los Estados Unidos, Barack Obama, realizar\u00e1 una gira por Latinoam\u00e9rica. Brasilia fue su primer pa\u00eds en visitar y posteriormente viajar\u00e1 a R\u00edo de Janeiro, Santiago de Chile y San Salvador. El asesor para Am\u00e9rica Latina de Obama, Dan Restrepo y varios de sus funcionarios aseguraron que los acontecimientos en el Medio Oriente, \u00c3\u0081frica y Jap\u00f3n nublen esta gira pol\u00edtica, mas bien\u00a0 consideran que es de vital importancia para los intereses estadounidenses de Am\u00e9rica Latina. Dos a\u00f1os atr\u00e1s, el primer mandatario estadounidense se hab\u00eda reunido con sus hom\u00f3logos en la Cumbre de las Am\u00e9ricas, en Trinidad y Tobago, donde prometi\u00f3 mejorar las relaciones con esta regi\u00f3n despu\u00e9s de las desatinadas acciones realizadas en el gobierno de George W. Bush. El presidente, conversar\u00e1 con sus contrapartes en los tres pa\u00edses sobre temas comerciales, energ\u00e9ticos, medioambientales y de seguridad ciudadana. Entre sus prioridades estar\u00e1 el impulso de la influencia estadounidense en Latinoam\u00e9rica, donde actores como China han ganado terreno y se buscar\u00e1n nuevos mercados para su pa\u00eds, En Brasil Obama tendr\u00e1 una muy buena oportunidad para empezar una nueva relaci\u00f3n&#8221; con la presidenta Dilma Rousseff, despu\u00e9s de las diferencias existentes en el gobierno de Lula da Silva, Mientras que en Chile dar\u00e1 un discurso donde sentar\u00e1 las bases de la nueva relaci\u00f3n con Am\u00e9rica Latina y destacar\u00e1\u00a0 a este pa\u00eds como un ejemplo de gobierno exitoso. En El Salvador los temas que destacar\u00e1n ser\u00e1n lucha contra el crimen organizado y migraci\u00f3n. Fuente: Diario El Universo<\/p>\n","protected":false},"author":1,"featured_media":205753,"comment_status":"open","ping_status":"open","sticky":false,"template":"","format":"standard","meta":[],"categories":[34,37],"tags":[],"_links":{"self":[{"href":"https:\/\/www.ecuadortimes.net\/es\/wp-json\/wp\/v2\/posts\/205752"}],"collection":[{"href":"https:\/\/www.ecuadortimes.net\/es\/wp-json\/wp\/v2\/posts"}],"about":[{"href":"https:\/\/www.ecuadortimes.net\/es\/wp-json\/wp\/v2\/types\/post"}],"author":[{"embeddable":true,"href":"https:\/\/www.ecuadortimes.net\/es\/wp-json\/wp\/v2\/users\/1"}],"replies":[{"embeddable":true,"href":"https:\/\/www.ecuadortimes.net\/es\/wp-json\/wp\/v2\/comments?post=205752"}],"version-history":[{"count":0,"href":"https:\/\/www.ecuadortimes.net\/es\/wp-json\/wp\/v2\/posts\/205752\/revisions"}],"wp:featuredmedia":[{"embeddable":true,"href":"https:\/\/www.ecuadortimes.net\/es\/wp-json\/wp\/v2\/media\/205753"}],"wp:attachment":[{"href":"https:\/\/www.ecuadortimes.net\/es\/wp-json\/wp\/v2\/media?parent=205752"}],"wp:term":[{"taxonomy":"category","embeddable":true,"href":"https:\/\/www.ecuadortimes.net\/es\/wp-json\/wp\/v2\/categories?post=205752"},{"taxonomy":"post_tag","embeddable":true,"href":"https:\/\/www.ecuadortimes.net\/es\/wp-json\/wp\/v2\/tags?post=205752"}],"curies":[{"name":"wp","href":"https:\/\/api.w.org\/{rel}","templated":true}]}}