{"id":205756,"date":"2011-03-19T00:00:00","date_gmt":"2011-03-19T00:00:00","guid":{"rendered":"https:\/\/www.ecuadortimes.net\/es\/ejercito-de-gadafi-es-atacado-por-francia-y-estados-unidos\/"},"modified":"2011-03-19T00:00:00","modified_gmt":"2011-03-19T00:00:00","slug":"ejercito-de-gadafi-es-atacado-por-francia-y-estados-unidos","status":"publish","type":"post","link":"https:\/\/www.ecuadortimes.net\/es\/ejercito-de-gadafi-es-atacado-por-francia-y-estados-unidos\/","title":{"rendered":"Ej\u00e9rcito de Gadafi es atacado por Francia y Estados Unidos"},"content":{"rendered":"<p><a rel=\"attachment wp-att-21683\" href=\"http:\/\/www.ecuadortimes.net\/es\/2011\/03\/19\/paises-se-preparan-para-dar-fin-tragedia-en-africa\/gdfg-2\/\"><img loading=\"lazy\" class=\"alignright size-full wp-image-21683\" src=\"https:\/\/www.ecuadortimes.net\/es\/wp-content\/uploads\/2011\/03\/gdfg1.png\" alt=\"\" width=\"306\" height=\"176\" \/><\/a>El Presidente franc\u00e9s, Nicol\u00e1s Sarkozy, anunci\u00f3 que las operaciones militares hab\u00edan comenzado a primeras horas de la tarde.<\/p>\n<p>El estado mayor del ej\u00e9rcito galo confirm\u00f3 que aviones de combate franceses atacaron contra los blindados de las fuerzas de Gadafi. La agencia AFP anuncia un pr\u00f3ximo ataque de los Estados Unidos con un misil Tomahawk y movimiento de tropas brit\u00e1nicas.<\/p>\n<p>Hasta el momento se estima la destrucci\u00f3n de al menos cuatro carros de combate, seg\u00fan citan fuentes de los rebeldes, mientras que Abdelkrim Mohamed, opositor al r\u00e9gimen de Tr\u00edpoli, anunci\u00f3 que las p\u00e9rdidas de las fuerzas gubernamentales libias son m\u00e1s significativas pero aun no han sido cuantificadas.<\/p>\n<p>Al suroeste de la ciudad de Bengasi, principal basti\u00f3n de los sublevados, los blindados de las fuerzas gadafistas fueron destruidos seg\u00fan se\u00f1ala Al Yazira.<\/p>\n<p>Sarkozy, convoc\u00f3 ayer a gobernantes de diferentes pa\u00edses a una cumbre en Par\u00eds para tratar la situaci\u00f3n que est\u00e1 atravesando el norte de \u00c3\u0081frica, luego de que la ONU diera luz verde a una operaci\u00f3n militar.<\/p>\n<p>Fuente: Agencias<\/p>\n","protected":false},"excerpt":{"rendered":"<p>El Presidente franc\u00e9s, Nicol\u00e1s Sarkozy, anunci\u00f3 que las operaciones militares hab\u00edan comenzado a primeras horas de la tarde. El estado mayor del ej\u00e9rcito galo confirm\u00f3 que aviones de combate franceses atacaron contra los blindados de las fuerzas de Gadafi. La agencia AFP anuncia un pr\u00f3ximo ataque de los Estados Unidos con un misil Tomahawk y movimiento de tropas brit\u00e1nicas. Hasta el momento se estima la destrucci\u00f3n de al menos cuatro carros de combate, seg\u00fan citan fuentes de los rebeldes, mientras que Abdelkrim Mohamed, opositor al r\u00e9gimen de Tr\u00edpoli, anunci\u00f3 que las p\u00e9rdidas de las fuerzas gubernamentales libias son m\u00e1s significativas pero aun no han sido cuantificadas. Al suroeste de la ciudad de Bengasi, principal basti\u00f3n de los sublevados, los blindados de las fuerzas gadafistas fueron destruidos seg\u00fan se\u00f1ala Al Yazira. Sarkozy, convoc\u00f3 ayer a gobernantes de diferentes pa\u00edses a una cumbre en Par\u00eds para tratar la situaci\u00f3n que est\u00e1 atravesando el norte de \u00c3\u0081frica, luego de que la ONU diera luz verde a una operaci\u00f3n militar. Fuente: Agencias<\/p>\n","protected":false},"author":1,"featured_media":205757,"comment_status":"open","ping_status":"open","sticky":false,"template":"","format":"standard","meta":[],"categories":[36,37],"tags":[],"_links":{"self":[{"href":"https:\/\/www.ecuadortimes.net\/es\/wp-json\/wp\/v2\/posts\/205756"}],"collection":[{"href":"https:\/\/www.ecuadortimes.net\/es\/wp-json\/wp\/v2\/posts"}],"about":[{"href":"https:\/\/www.ecuadortimes.net\/es\/wp-json\/wp\/v2\/types\/post"}],"author":[{"embeddable":true,"href":"https:\/\/www.ecuadortimes.net\/es\/wp-json\/wp\/v2\/users\/1"}],"replies":[{"embeddable":true,"href":"https:\/\/www.ecuadortimes.net\/es\/wp-json\/wp\/v2\/comments?post=205756"}],"version-history":[{"count":0,"href":"https:\/\/www.ecuadortimes.net\/es\/wp-json\/wp\/v2\/posts\/205756\/revisions"}],"wp:featuredmedia":[{"embeddable":true,"href":"https:\/\/www.ecuadortimes.net\/es\/wp-json\/wp\/v2\/media\/205757"}],"wp:attachment":[{"href":"https:\/\/www.ecuadortimes.net\/es\/wp-json\/wp\/v2\/media?parent=205756"}],"wp:term":[{"taxonomy":"category","embeddable":true,"href":"https:\/\/www.ecuadortimes.net\/es\/wp-json\/wp\/v2\/categories?post=205756"},{"taxonomy":"post_tag","embeddable":true,"href":"https:\/\/www.ecuadortimes.net\/es\/wp-json\/wp\/v2\/tags?post=205756"}],"curies":[{"name":"wp","href":"https:\/\/api.w.org\/{rel}","templated":true}]}}