{"id":205758,"date":"2011-03-19T00:00:00","date_gmt":"2011-03-19T00:00:00","guid":{"rendered":"https:\/\/www.ecuadortimes.net\/es\/agua-y-alimentos-de-japon-tienen-pequenas-cantidades-de-radiacion\/"},"modified":"2011-03-19T00:00:00","modified_gmt":"2011-03-19T00:00:00","slug":"agua-y-alimentos-de-japon-tienen-pequenas-cantidades-de-radiacion","status":"publish","type":"post","link":"https:\/\/www.ecuadortimes.net\/es\/agua-y-alimentos-de-japon-tienen-pequenas-cantidades-de-radiacion\/","title":{"rendered":"Agua y alimentos de Jap\u00f3n tienen peque\u00f1as cantidades de radiaci\u00f3n"},"content":{"rendered":"<p>El gobierno de Jap\u00f3n detect\u00f3 peque\u00f1as cantidades de yodo radiactivo en el agua potable en Tokio y otras cinco regiones, informaron autoridades, en un ambiente de temor suscitado por las fugas radiactivas de una planta nuclear averiada.<\/p>\n<p>La sustancia fue detectada el viernes en Tokio y otras prefecturas por primera vez desde que el gobierno orden\u00f3 la toma de muestras diarias de agua a nivel nacional debido a la crisis en la planta nucleoel\u00e9ctrica de Dai-ichi en Fukushima, dijo el Ministerio de Educaci\u00f3n, Cultura, Deportes, Ciencia y Tecnolog\u00eda.<\/p>\n<p>Las cantidades detectadas no exceden los l\u00edmites de seguridad gubernamentales, afirm\u00f3 el ministerio en un comunicado. &#8220;Se puede beber toda el agua que se quiera sin l\u00edmite alguno&#8221;, dijo Masayuki Kubo, funcionario de protecci\u00f3n ambiental en la prefectura de Tochigi.<\/p>\n<p>En contraste, las autoridades dijeron que han detectado niveles de radiaci\u00f3n que superan los l\u00edmites de seguridad en espinacas y leche procedentes de granjas pr\u00f3ximas a la planta nuclear averiada.<\/p>\n<p>Fuente : AP<\/p>\n","protected":false},"excerpt":{"rendered":"<p>El gobierno de Jap\u00f3n detect\u00f3 peque\u00f1as cantidades de yodo radiactivo en el agua potable en Tokio y otras cinco regiones, informaron autoridades, en un ambiente de temor suscitado por las fugas radiactivas de una planta nuclear averiada. La sustancia fue detectada el viernes en Tokio y otras prefecturas por primera vez desde que el gobierno orden\u00f3 la toma de muestras diarias de agua a nivel nacional debido a la crisis en la planta nucleoel\u00e9ctrica de Dai-ichi en Fukushima, dijo el Ministerio de Educaci\u00f3n, Cultura, Deportes, Ciencia y Tecnolog\u00eda. Las cantidades detectadas no exceden los l\u00edmites de seguridad gubernamentales, afirm\u00f3 el ministerio en un comunicado. &#8220;Se puede beber toda el agua que se quiera sin l\u00edmite alguno&#8221;, dijo Masayuki Kubo, funcionario de protecci\u00f3n ambiental en la prefectura de Tochigi. En contraste, las autoridades dijeron que han detectado niveles de radiaci\u00f3n que superan los l\u00edmites de seguridad en espinacas y leche procedentes de granjas pr\u00f3ximas a la planta nuclear averiada. Fuente : AP<\/p>\n","protected":false},"author":1,"featured_media":205759,"comment_status":"open","ping_status":"open","sticky":false,"template":"","format":"standard","meta":[],"categories":[36,37,30],"tags":[],"_links":{"self":[{"href":"https:\/\/www.ecuadortimes.net\/es\/wp-json\/wp\/v2\/posts\/205758"}],"collection":[{"href":"https:\/\/www.ecuadortimes.net\/es\/wp-json\/wp\/v2\/posts"}],"about":[{"href":"https:\/\/www.ecuadortimes.net\/es\/wp-json\/wp\/v2\/types\/post"}],"author":[{"embeddable":true,"href":"https:\/\/www.ecuadortimes.net\/es\/wp-json\/wp\/v2\/users\/1"}],"replies":[{"embeddable":true,"href":"https:\/\/www.ecuadortimes.net\/es\/wp-json\/wp\/v2\/comments?post=205758"}],"version-history":[{"count":0,"href":"https:\/\/www.ecuadortimes.net\/es\/wp-json\/wp\/v2\/posts\/205758\/revisions"}],"wp:featuredmedia":[{"embeddable":true,"href":"https:\/\/www.ecuadortimes.net\/es\/wp-json\/wp\/v2\/media\/205759"}],"wp:attachment":[{"href":"https:\/\/www.ecuadortimes.net\/es\/wp-json\/wp\/v2\/media?parent=205758"}],"wp:term":[{"taxonomy":"category","embeddable":true,"href":"https:\/\/www.ecuadortimes.net\/es\/wp-json\/wp\/v2\/categories?post=205758"},{"taxonomy":"post_tag","embeddable":true,"href":"https:\/\/www.ecuadortimes.net\/es\/wp-json\/wp\/v2\/tags?post=205758"}],"curies":[{"name":"wp","href":"https:\/\/api.w.org\/{rel}","templated":true}]}}