{"id":205760,"date":"2011-03-19T00:00:00","date_gmt":"2011-03-19T00:00:00","guid":{"rendered":"https:\/\/www.ecuadortimes.net\/es\/rescate-animal-le-damos-una-segunda-oportunidad-a-los-animales-callejeros\/"},"modified":"2011-03-19T00:00:00","modified_gmt":"2011-03-19T00:00:00","slug":"rescate-animal-le-damos-una-segunda-oportunidad-a-los-animales-callejeros","status":"publish","type":"post","link":"https:\/\/www.ecuadortimes.net\/es\/rescate-animal-le-damos-una-segunda-oportunidad-a-los-animales-callejeros\/","title":{"rendered":"Rescate Animal: &#8220;Le damos una segunda oportunidad a los animales callejeros&#8221;"},"content":{"rendered":"<div>\n<p style=\"text-align: justify;\"><a rel=\"attachment wp-att-21703\" href=\"http:\/\/www.ecuadortimes.net\/2011\/03\/19\/rescate-animal-we-give-stray-animals-a-second-chance\/jordana\/\"><img loading=\"lazy\" class=\"alignleft size-full wp-image-21703\" src=\"https:\/\/www.ecuadortimes.net\/es\/wp-content\/uploads\/2011\/03\/Jordana.jpg\" alt=\"\" width=\"200\" height=\"200\" \/><\/a><\/p>\n<p style=\"text-align: justify;\"><em>Por: Ma. Fernanda Soria\u00a0<a href=\"http:\/\/www.twitter.com\/#!\/MaferSoria\" target=\"_blank\" rel=\"noopener noreferrer\">@mafersoria<\/a><\/em><\/p>\n<p style=\"text-align: justify;\">Entrevistamos a Jordana Valverde, una joven que ha llevado su amor por los animales al activismo. Tiene 25 a\u00f1os, trabaja, estudia y adem\u00e1s es la presidenta del grupo Rescate Animal.<\/p>\n<p style=\"text-align: justify;\">Ayudar a los animales no es un hobby para Jordana, es una labor que realiza con pasi\u00f3n. Ver a un perrito o gatito rescatado viviendo feliz en un hogar con una familia que le da amor luego de vagar enfermo por las calles durante meses e incluso a\u00f1os, es la recompensa a los esfuerzos de Jordana y sus compa\u00f1eros de Rescate Animal, quienes se han unido para darle una segunda oportunidad\u009d a los animales callejeros.<\/p>\n<p style=\"text-align: justify;\"><strong>\u00bfCu\u00e1ndo nace rescate animal?<\/strong><\/p>\n<p style=\"text-align: justify;\">En mayo del 2010, por cuestiones fortuitas, muchos de los voluntarios independientes que hac\u00edamos rescates de gatitos y perritos abandonados en la ciudad de Guayaquil nos conocimos y desde entonces nos mantuvimos siempre en contacto, d\u00e1ndonos la mano los unos a los otros. A veces cont\u00e1bamos con la ayuda de fundaciones en cuanto \u00a0lo que atenci\u00f3n veterinaria, albergue y medicinas se refiere y en otras ocasiones cada rescatista buscaba medios para solventar los gastos que demandaba el caso. Rescate Animal nace de la uni\u00f3n de estos voluntarios que no hacen m\u00e1s que darle una segunda oportunidad a los animales abandonados. Nos unimos y nacimos formalmente en enero del 2011.<\/p>\n<p style=\"text-align: justify;\"><strong>\u00bfQuienes conforman rescate animal, es una fundaci\u00f3n o un grupo de activistas de animales independiente?<\/strong><\/p>\n<p style=\"text-align: justify;\">Somos un grupo de activistas independientes, trabajamos en equipo porque pensamos que uniendo nuestros esfuerzos, conseguiremos mejores resultados. Algunos de nuestros activistas son tambi\u00e9n voluntarios en alguna fundaci\u00f3n pero eso no les impide que puedan ayudar a nuestro grupo.<\/p>\n<p style=\"text-align: justify;\"><strong>\u00bfC\u00f3mo consiguen fondos para ayudar a los animales?<\/strong><\/p>\n<p style=\"text-align: justify;\">Generar recursos para nuestros rescates y esterilizaciones no es f\u00e1cil, por lo que constantemente hacemos eventos como ferias de dulces, encuentros deportivos (donde los equipos pagan su inscripci\u00f3n), mercado de pulgas, rifas, y otras actividades. Y por supuesto, exponemos nuestros casos de rescate a trav\u00e9s de las redes sociales para obtener donaciones de comida, dinero, medicinas, atenci\u00f3n veterinaria, hogares temporales y definitivos.<\/p>\n<p style=\"text-align: justify;\"><strong>\u00bfCuentan con alg\u00fan tipo de patrocinio?<\/strong><\/p>\n<p style=\"text-align: justify;\">Al momento no contamos con patrocinio, sin embargo esperamos que las empresas ampl\u00eden el concepto de RESPONSABILIDAD SOCIAL y se unan a esta causa apoyando a esta u otras organizaciones que persiguen el mismo fin: el bienestar de los animales. Tenemos planeado solicitar ayuda a las instituciones y empresas de la ciudad en un corto plazo.<\/p>\n<p style=\"text-align: justify;\"><a rel=\"attachment wp-att-21720\" href=\"http:\/\/www.ecuadortimes.net\/es\/2011\/03\/19\/rescate-animal-le-damos-una-segunda-oportunidad-a-los-animales-callejeros\/gema-2\/\"><img loading=\"lazy\" class=\"aligncenter size-full wp-image-21720\" src=\"https:\/\/www.ecuadortimes.net\/es\/wp-content\/uploads\/2011\/03\/Gema-2.jpg\" alt=\"\" width=\"600\" height=\"250\" \/><\/a><\/p>\n<p style=\"text-align: justify;\"><strong>\u00bfSe trata de un refugio de animales, como FADA?<\/strong><\/p>\n<p style=\"text-align: justify;\">No tenemos un refugio de animales dada nuestra falta de recursos, sin embargo sabemos que crear un albergue no es la respuesta. AYUDA, PERO NO ES LA SOLUCI\u00c3\u0093N.<\/p>\n<p style=\"text-align: justify;\">Lo que hacemos es buscar HOGARES TEMPORALES O TRANSITORIOS. Es decir, en cuanto rescatamos a un animalito y el veterinario le da de alta, es llevado a un HOGAR TEMPORAL, donde una familia se hace cargo del animalito por un tiempo determinado, hasta que su estado de salud mejore y est\u00e9 listo para ser adoptado.<\/p>\n<p style=\"text-align: justify;\">Muchos de nosotros quisi\u00e9ramos contar con un refugio, sin embargo, creemos que esto a veces aumenta el problema, al generar comodidad e irresponsabilidad en las personas que est\u00e1n pensando deshacerse de sus animales porque est\u00e1n enfermos, viejos o acaban de parir y al saber que cuentan\u009d con un lugar en donde hacerlo, no lo pensar\u00edan dos veces.<\/p>\n<p style=\"text-align: justify;\"><strong>\u00bfC\u00f3mo son atendidos los animalitos rescatados, cuentan con ayuda veterinaria?\u00bfQu\u00e9 es lo que ha logrado rescate animal a partir de sus inicios?<\/strong><\/p>\n<p style=\"text-align: justify;\">Rescate Animal ha logrado que muchos veterinarios de la ciudad de Guayaquil se unan a nuestra causa atendiendo a nuestros rescatados a un m\u00ednimo costo y cuando se puede, de manera gratuita. Los doctores suelen no cobrar sus honorarios profesionales cuando se trata de uno de nuestros casos y nos ayudan en lo medida de lo posible, en cuanto a medicinas y tratamientos.<\/p>\n<p style=\"text-align: justify;\">Veterinarios como el Dr. Andr\u00e9s Jouvin, Dr. Rafael Le\u00f3n, Dr Diego Dur\u00e1n, Dra Nubia Andrade, Dr. Carlos Echeverr\u00eda, Dra. Lorena Trivi\u00f1o, Dr. Xavier Zanabria, Dr. Jos\u00e9 Jaramillo, Dra Priscila Solano, Dr. Javier I\u00f1iguez, entre otros, son quienes hacen posible esta labor, pues ellos son quienes poseen el conocimiento, nosotros tan s\u00f3lo las ganas\u009d de hacer bien las cosas.<\/p>\n<p style=\"text-align: justify;\">Cuando hacemos un rescate nos comunicamos con uno de nuestros doctores (generalmente el que est\u00e9 m\u00e1s cerca de la zona) para que inmediatamente atienda al animalito y diagnostique su posible enfermedad, luego empezamos a buscar las donaciones requeridas para el caso.<\/p>\n<p style=\"text-align: justify;\"><strong>\u00bfCu\u00e1ntos animales son rescatados en promedio al mes?<\/strong><\/p>\n<p style=\"text-align: justify;\">En promedio ocho animalitos. Si cont\u00e1ramos con m\u00e1s voluntarios, m\u00e1s donaciones y sobre todo m\u00e1s hogares temporales se podr\u00eda hacer mucho m\u00e1s. Dependemos principalmente de los hogares temporales: mientras m\u00e1s hogares aparezcan, m\u00e1s animalitos podemos rescatar. A veces tenemos todo: medicina, dinero, atenci\u00f3n veterinaria pero no contamos con un lugar en donde dejarlos, ni una familia que se encargue de ellos.<\/p>\n<p style=\"text-align: justify;\"><strong>Cu\u00e9ntanos una an\u00e9cdota de alg\u00fan animalito que te haya tocado el coraz\u00f3n y c\u00f3mo lo ayudaron.<\/strong><\/p>\n<p style=\"text-align: justify;\"><a rel=\"attachment wp-att-21708\" href=\"http:\/\/www.ecuadortimes.net\/2011\/03\/19\/rescate-animal-we-give-stray-animals-a-second-chance\/bolo\/\"><img loading=\"lazy\" class=\"alignright size-full wp-image-21708\" src=\"https:\/\/www.ecuadortimes.net\/es\/wp-content\/uploads\/2011\/03\/Bolo.jpg\" alt=\"\" width=\"200\" height=\"400\" \/><\/a>Bolo es un perrito que rescat\u00e9 en octubre en Loja y Malec\u00f3n. Iba manejando y vi a este perrito en posici\u00f3n fetal cerca de una alcantarilla, sobre la calle. Me estacion\u00e9 y al acercarme al perrito vi que temblaba y que su trompita sangraba. Lo llev\u00e9 inmediatamente a la cl\u00ednica veterinaria ANIMALOPOLIS.<\/p>\n<p style=\"text-align: justify;\">Mientras el doctor examinaba al perro, \u00e9ste empez\u00f3 a convulsionar, como si se tratase de un ataque de epilepsia, llegando a tener una convulsi\u00f3n cada 25 minutos.<\/p>\n<p style=\"text-align: justify;\">El doctor contin\u00fao limpiando y revisando al perrito y luego not\u00f3 que Bolo no ten\u00eda un ojito. Llegamos a la conclusi\u00f3n que el perro hab\u00eda sido brutalmente golpeado, ya que ten\u00eda una parte de su cara hinchada, sangraba y adem\u00e1s le faltaba un ojo. Expuse el caso en facebook y muchas personas enviaron medicinas y dinero para ex\u00e1menes a la cl\u00ednica veterinaria.<\/p>\n<p style=\"text-align: justify;\">Bolo se qued\u00f3 aproximadamente una semana en Animalopolis, en donde d\u00eda a d\u00eda presentaba una notable mejor\u00eda. Al principio notamos que el perro ten\u00eda miedo a las personas (una clara se\u00f1al que hab\u00eda sido maltratado anteriormente) incluso cuando yo me acercaba a acariciarlo, \u00e9l agachaba su cabeza y temblaba, seguramente pensaba que iba a lastimarlo, pero con el pasar de los d\u00edas nos ganamos su confianza y sali\u00f3 de su trauma\u009d.<\/p>\n<p style=\"text-align: justify;\">Finalmente fue adoptado por una familia que lo acogi\u00f3 temporalmente en un principio.\u00a0Hoy vive feliz junto a una familia que lo quiere much\u00edsimo y que decidi\u00f3 darle una segunda oportunidad.<\/p>\n<p style=\"text-align: justify;\"><strong>Rescate Animal colabor\u00f3 en el festival del toro recientemente, cu\u00e9ntanos sobre la acogida del evento \u00bfcumplieron sus objetivos en cuanto a recaudaci\u00f3n de fondos?<\/strong><\/p>\n<p style=\"text-align: justify;\">El 27 de febrero pasado participamos como colaboradores en el evento El Festival del Toro III\u009d organizado por el G.P.A Claudia Poppe, nosotros nos encargamos de la venta de comida en el evento. Al saber que los fondos recaudados ir\u00edan para esterilizaciones y rescate de los animalitos de la calle, los asistentes compraron y degustaron nuestros productos con el fin de ayudar con un granito de arena. El resultado fue muy bueno, incluso hubo personas que vinieron al evento s\u00f3lo para contactarse con nosotros, hacernos llegar sus donaciones y querer ser parte activa del grupo Rescate Animal.<\/p>\n<p style=\"text-align: justify;\"><strong>Finalmente, \u00bfc\u00f3mo podemos evitar el abandono animal, c\u00f3mo podemos colaborar con las fundaciones u organizaciones que velan por el bienestar de los animales?<\/strong><\/p>\n<p style=\"text-align: justify;\">Creemos que las claves son: la educaci\u00f3n en ni\u00f1os, j\u00f3venes y adultos \u00a0y la esterilizaci\u00f3n de los animales.<\/p>\n<p style=\"text-align: justify;\">Queremos que las personas \u00a0tomen conciencia con respecto al trato que \u00a0le dan a los animales. A veces se olvidan de que los animales, al igual que los humanos, sienten fr\u00edo, calor, hambre, sed, dolor, alegr\u00eda, y la diferencia es que ellos no tienen c\u00f3mo expresarlo.<\/p>\n<p style=\"text-align: justify;\">En un mediano plazo emprenderemos el proyecto de concientizaci\u00f3n en instituciones educativas para que todos se familiaricen con lo que es la TENENCIA RESPONSABLE DE ANIMALES.<\/p>\n<p style=\"text-align: justify;\">Por otra parte, una de las soluciones para reducir el n\u00famero de animales callejeros es esterilizar a nuestras mascotas y evitar que se sigan reproduciendo. Es por eso que siempre que hay una campa\u00f1a de esterilizaci\u00f3n organizada por una fundaci\u00f3n o grupo independiente, lo apoyamos. De igual manera nos oponemos rotundamente a la venta de animales en la calle o en pet shops, pues este tipo de negocios promueve el aumento de la poblaci\u00f3n animal y posteriormente, su abandono.<\/p>\n<p style=\"text-align: justify;\">Actualmente estamos receptando donaciones de insumos m\u00e9dicos para las esterilizaciones que haremos a los animalitos callejeros en cooperaci\u00f3n de nuestros veterinarios aliados y otros grupos independientes para tratar de reducir en algo el problema de sobrepoblaci\u00f3n animal en la ciudad.<\/p>\n<\/div>\n","protected":false},"excerpt":{"rendered":"<p>Por: Ma. Fernanda Soria\u00a0@mafersoria Entrevistamos a Jordana Valverde, una joven que ha llevado su amor por los animales al activismo. Tiene 25 a\u00f1os, trabaja, estudia y adem\u00e1s es la presidenta del grupo Rescate Animal. Ayudar a los animales no es un hobby para Jordana, es una labor que realiza con pasi\u00f3n. Ver a un perrito o gatito rescatado viviendo feliz en un hogar con una familia que le da amor luego de vagar enfermo por las calles durante meses e incluso a\u00f1os, es la recompensa a los esfuerzos de Jordana y sus compa\u00f1eros de Rescate Animal, quienes se han unido para darle una segunda oportunidad\u009d a los animales callejeros. \u00bfCu\u00e1ndo nace rescate animal? En mayo del 2010, por cuestiones fortuitas, muchos de los voluntarios independientes que hac\u00edamos rescates de gatitos y perritos abandonados en la ciudad de Guayaquil nos conocimos y desde entonces nos mantuvimos siempre en contacto, d\u00e1ndonos la mano los unos a los otros. A veces cont\u00e1bamos con la ayuda de fundaciones en cuanto \u00a0lo que atenci\u00f3n veterinaria, albergue y medicinas se refiere y en otras ocasiones cada rescatista buscaba medios para solventar los gastos que demandaba el caso. Rescate Animal nace de la uni\u00f3n de estos voluntarios que no hacen m\u00e1s que darle una segunda oportunidad a los animales abandonados. Nos unimos y nacimos formalmente en enero del 2011. \u00bfQuienes conforman rescate animal, es una fundaci\u00f3n o un grupo de activistas de animales independiente? Somos un grupo de activistas independientes, trabajamos en equipo porque pensamos que uniendo nuestros esfuerzos, conseguiremos mejores resultados. Algunos de nuestros activistas son tambi\u00e9n voluntarios en alguna fundaci\u00f3n pero eso no les impide que puedan ayudar a nuestro grupo. \u00bfC\u00f3mo consiguen fondos para ayudar a los animales? Generar recursos para nuestros rescates y esterilizaciones no es f\u00e1cil, por lo que constantemente hacemos eventos como ferias de dulces, encuentros deportivos (donde los equipos pagan su inscripci\u00f3n), mercado de pulgas, rifas, y otras actividades. Y por supuesto, exponemos nuestros casos de rescate a trav\u00e9s de las redes sociales para obtener donaciones de comida, dinero, medicinas, atenci\u00f3n veterinaria, hogares temporales y definitivos. \u00bfCuentan con alg\u00fan tipo de patrocinio? Al momento no contamos con patrocinio, sin embargo esperamos que las empresas ampl\u00eden el concepto de RESPONSABILIDAD SOCIAL y se unan a esta causa apoyando a esta u otras organizaciones que persiguen el mismo fin: el bienestar de los animales. Tenemos planeado solicitar ayuda a las instituciones y empresas de la ciudad en un corto plazo. \u00bfSe trata de un refugio de animales, como FADA? No tenemos un refugio de animales dada nuestra falta de recursos, sin embargo sabemos que crear un albergue no es la respuesta. AYUDA, PERO NO ES LA SOLUCI\u00c3\u0093N. Lo que hacemos es buscar HOGARES TEMPORALES O TRANSITORIOS. Es decir, en cuanto rescatamos a un animalito y el veterinario le da de alta, es llevado a un HOGAR TEMPORAL, donde una familia se hace cargo del animalito por un tiempo determinado, hasta que su estado de salud mejore y est\u00e9 listo para ser adoptado. Muchos de nosotros quisi\u00e9ramos contar con un refugio, sin embargo, creemos que esto a veces aumenta el problema, al generar comodidad e irresponsabilidad en las personas que est\u00e1n pensando deshacerse de sus animales porque est\u00e1n enfermos, viejos o acaban de parir y al saber que cuentan\u009d con un lugar en donde hacerlo, no lo pensar\u00edan dos veces. \u00bfC\u00f3mo son atendidos los animalitos rescatados, cuentan con ayuda veterinaria?\u00bfQu\u00e9 es lo que ha logrado rescate animal a partir de sus inicios? Rescate Animal ha logrado que muchos veterinarios de la ciudad de Guayaquil se unan a nuestra causa atendiendo a nuestros rescatados a un m\u00ednimo costo y cuando se puede, de manera gratuita. Los doctores suelen no cobrar sus honorarios profesionales cuando se trata de uno de nuestros casos y nos ayudan en lo medida de lo posible, en cuanto a medicinas y tratamientos. Veterinarios como el Dr. Andr\u00e9s Jouvin, Dr. Rafael Le\u00f3n, Dr Diego Dur\u00e1n, Dra Nubia Andrade, Dr. Carlos Echeverr\u00eda, Dra. Lorena Trivi\u00f1o, Dr. Xavier Zanabria, Dr. Jos\u00e9 Jaramillo, Dra Priscila Solano, Dr. Javier I\u00f1iguez, entre otros, son quienes hacen posible esta labor, pues ellos son quienes poseen el conocimiento, nosotros tan s\u00f3lo las ganas\u009d de hacer bien las cosas. Cuando hacemos un rescate nos comunicamos con uno de nuestros doctores (generalmente el que est\u00e9 m\u00e1s cerca de la zona) para que inmediatamente atienda al animalito y diagnostique su posible enfermedad, luego empezamos a buscar las donaciones requeridas para el caso. \u00bfCu\u00e1ntos animales son rescatados en promedio al mes? En promedio ocho animalitos. Si cont\u00e1ramos con m\u00e1s voluntarios, m\u00e1s donaciones y sobre todo m\u00e1s hogares temporales se podr\u00eda hacer mucho m\u00e1s. Dependemos principalmente de los hogares temporales: mientras m\u00e1s hogares aparezcan, m\u00e1s animalitos podemos rescatar. A veces tenemos todo: medicina, dinero, atenci\u00f3n veterinaria pero no contamos con un lugar en donde dejarlos, ni una familia que se encargue de ellos. Cu\u00e9ntanos una an\u00e9cdota de alg\u00fan animalito que te haya tocado el coraz\u00f3n y c\u00f3mo lo ayudaron. Bolo es un perrito que rescat\u00e9 en octubre en Loja y Malec\u00f3n. Iba manejando y vi a este perrito en posici\u00f3n fetal cerca de una alcantarilla, sobre la calle. Me estacion\u00e9 y al acercarme al perrito vi que temblaba y que su trompita sangraba. Lo llev\u00e9 inmediatamente a la cl\u00ednica veterinaria ANIMALOPOLIS. Mientras el doctor examinaba al perro, \u00e9ste empez\u00f3 a convulsionar, como si se tratase de un ataque de epilepsia, llegando a tener una convulsi\u00f3n cada 25 minutos. El doctor contin\u00fao limpiando y revisando al perrito y luego not\u00f3 que Bolo no ten\u00eda un ojito. Llegamos a la conclusi\u00f3n que el perro hab\u00eda sido brutalmente golpeado, ya que ten\u00eda una parte de su cara hinchada, sangraba y adem\u00e1s le faltaba un ojo. Expuse el caso en facebook y muchas personas enviaron medicinas y dinero para ex\u00e1menes a la cl\u00ednica veterinaria. Bolo se qued\u00f3 aproximadamente una semana en Animalopolis, en donde d\u00eda a d\u00eda presentaba una notable mejor\u00eda. Al principio notamos que el perro ten\u00eda miedo a las personas (una clara se\u00f1al que hab\u00eda [&hellip;]<\/p>\n","protected":false},"author":1,"featured_media":205761,"comment_status":"open","ping_status":"open","sticky":false,"template":"","format":"standard","meta":[],"categories":[32,37],"tags":[],"_links":{"self":[{"href":"https:\/\/www.ecuadortimes.net\/es\/wp-json\/wp\/v2\/posts\/205760"}],"collection":[{"href":"https:\/\/www.ecuadortimes.net\/es\/wp-json\/wp\/v2\/posts"}],"about":[{"href":"https:\/\/www.ecuadortimes.net\/es\/wp-json\/wp\/v2\/types\/post"}],"author":[{"embeddable":true,"href":"https:\/\/www.ecuadortimes.net\/es\/wp-json\/wp\/v2\/users\/1"}],"replies":[{"embeddable":true,"href":"https:\/\/www.ecuadortimes.net\/es\/wp-json\/wp\/v2\/comments?post=205760"}],"version-history":[{"count":0,"href":"https:\/\/www.ecuadortimes.net\/es\/wp-json\/wp\/v2\/posts\/205760\/revisions"}],"wp:featuredmedia":[{"embeddable":true,"href":"https:\/\/www.ecuadortimes.net\/es\/wp-json\/wp\/v2\/media\/205761"}],"wp:attachment":[{"href":"https:\/\/www.ecuadortimes.net\/es\/wp-json\/wp\/v2\/media?parent=205760"}],"wp:term":[{"taxonomy":"category","embeddable":true,"href":"https:\/\/www.ecuadortimes.net\/es\/wp-json\/wp\/v2\/categories?post=205760"},{"taxonomy":"post_tag","embeddable":true,"href":"https:\/\/www.ecuadortimes.net\/es\/wp-json\/wp\/v2\/tags?post=205760"}],"curies":[{"name":"wp","href":"https:\/\/api.w.org\/{rel}","templated":true}]}}