{"id":205764,"date":"2011-03-20T00:00:00","date_gmt":"2011-03-20T00:00:00","guid":{"rendered":"https:\/\/www.ecuadortimes.net\/es\/rafael-correa-empezara-otra-accion-judicial\/"},"modified":"2011-03-20T00:00:00","modified_gmt":"2011-03-20T00:00:00","slug":"rafael-correa-empezara-otra-accion-judicial","status":"publish","type":"post","link":"https:\/\/www.ecuadortimes.net\/es\/rafael-correa-empezara-otra-accion-judicial\/","title":{"rendered":"Rafael Correa empezar\u00e1 otra acci\u00f3n judicial"},"content":{"rendered":"<p>El presidente ecuatoriano, Rafael Correa, asegur\u00f3 que la pr\u00f3xima semana empezar\u00e1 otra acci\u00f3n judicial contra los miembros de la veedur\u00eda ciudadana, luego de interponer una demanda por da\u00f1o moral contra los periodistas Juan Carlos Calder\u00f3n y Christian Zurita por $ 10 millones.<\/p>\n<p>V\u00edctor Hugo Hidalgo, Pablo Chambers, Jos\u00e9 Quishpe y Gerardo Portillo, miembros de la veedur\u00eda ciudadana, expusieron el pasado 9 de febrero ante la Comisi\u00f3n de Participaci\u00f3n Ciudadana de la Asamblea, los resultados de sus investigaciones sobre el caso Fabricio Correa.<\/p>\n<p>Este informe certifica que el primer mandatario s\u00ed gozaba en pleno conocimiento de los contratos de su hermano con el Estado y que supuestamente estos fueron suscritos dentro de varias irregularidades y favoritismos.<\/p>\n<p>Correa recurri\u00f3 a una demanda, tramitada en el Juzgado 5to de lo Civil de Pichincha contra los dos periodistas autores del libro El Gran Hermano\u009d, en cuyas conclusiones se\u00f1alan que el primer mandatario s\u00ed sab\u00eda de dichos contratos.<\/p>\n<p>El presidente considera que esta obra contiene im\u00e1genes suyas y de su hermano sin autorizaci\u00f3n, adem\u00e1s de textos no autorizados que violentan el derecho de propiedad intelectual. Califica a sus autores de malintencionados, pseudos escritores y asegura que esta obra es ofensivo, denigrante y humillante\u009d aparte de falsa e injuriosa\u009d.<\/p>\n<p>Fuente: Diario El Universo<\/p>\n","protected":false},"excerpt":{"rendered":"<p>El presidente ecuatoriano, Rafael Correa, asegur\u00f3 que la pr\u00f3xima semana empezar\u00e1 otra acci\u00f3n judicial contra los miembros de la veedur\u00eda ciudadana, luego de interponer una demanda por da\u00f1o moral contra los periodistas Juan Carlos Calder\u00f3n y Christian Zurita por $ 10 millones. V\u00edctor Hugo Hidalgo, Pablo Chambers, Jos\u00e9 Quishpe y Gerardo Portillo, miembros de la veedur\u00eda ciudadana, expusieron el pasado 9 de febrero ante la Comisi\u00f3n de Participaci\u00f3n Ciudadana de la Asamblea, los resultados de sus investigaciones sobre el caso Fabricio Correa. Este informe certifica que el primer mandatario s\u00ed gozaba en pleno conocimiento de los contratos de su hermano con el Estado y que supuestamente estos fueron suscritos dentro de varias irregularidades y favoritismos. Correa recurri\u00f3 a una demanda, tramitada en el Juzgado 5to de lo Civil de Pichincha contra los dos periodistas autores del libro El Gran Hermano\u009d, en cuyas conclusiones se\u00f1alan que el primer mandatario s\u00ed sab\u00eda de dichos contratos. El presidente considera que esta obra contiene im\u00e1genes suyas y de su hermano sin autorizaci\u00f3n, adem\u00e1s de textos no autorizados que violentan el derecho de propiedad intelectual. Califica a sus autores de malintencionados, pseudos escritores y asegura que esta obra es ofensivo, denigrante y humillante\u009d aparte de falsa e injuriosa\u009d. Fuente: Diario El Universo<\/p>\n","protected":false},"author":1,"featured_media":0,"comment_status":"open","ping_status":"open","sticky":false,"template":"","format":"standard","meta":[],"categories":[40,37],"tags":[],"_links":{"self":[{"href":"https:\/\/www.ecuadortimes.net\/es\/wp-json\/wp\/v2\/posts\/205764"}],"collection":[{"href":"https:\/\/www.ecuadortimes.net\/es\/wp-json\/wp\/v2\/posts"}],"about":[{"href":"https:\/\/www.ecuadortimes.net\/es\/wp-json\/wp\/v2\/types\/post"}],"author":[{"embeddable":true,"href":"https:\/\/www.ecuadortimes.net\/es\/wp-json\/wp\/v2\/users\/1"}],"replies":[{"embeddable":true,"href":"https:\/\/www.ecuadortimes.net\/es\/wp-json\/wp\/v2\/comments?post=205764"}],"version-history":[{"count":0,"href":"https:\/\/www.ecuadortimes.net\/es\/wp-json\/wp\/v2\/posts\/205764\/revisions"}],"wp:attachment":[{"href":"https:\/\/www.ecuadortimes.net\/es\/wp-json\/wp\/v2\/media?parent=205764"}],"wp:term":[{"taxonomy":"category","embeddable":true,"href":"https:\/\/www.ecuadortimes.net\/es\/wp-json\/wp\/v2\/categories?post=205764"},{"taxonomy":"post_tag","embeddable":true,"href":"https:\/\/www.ecuadortimes.net\/es\/wp-json\/wp\/v2\/tags?post=205764"}],"curies":[{"name":"wp","href":"https:\/\/api.w.org\/{rel}","templated":true}]}}