{"id":205769,"date":"2011-03-20T00:00:00","date_gmt":"2011-03-20T00:00:00","guid":{"rendered":"https:\/\/www.ecuadortimes.net\/es\/mandatarios-latinoamericanos-deploran-intromision-internacional-en-libia\/"},"modified":"2011-03-20T00:00:00","modified_gmt":"2011-03-20T00:00:00","slug":"mandatarios-latinoamericanos-deploran-intromision-internacional-en-libia","status":"publish","type":"post","link":"https:\/\/www.ecuadortimes.net\/es\/mandatarios-latinoamericanos-deploran-intromision-internacional-en-libia\/","title":{"rendered":"Mandatarios latinoamericanos deploran intromisi\u00f3n internacional en Libia"},"content":{"rendered":"<p>Varios mandatarios latinoamericanos anunciaron el rechazo total hacia los ataques por parte de la comunidad internacional la cual act\u00faa con urgencia para proteger a los rebeldes que son violentados por partidarios del gobierno libio de Muamar Gaddafi.<\/p>\n<p>Por un lado, el presidente venezolano Hugo Ch\u00e1vez, principal aliado latinoamericano de Gadafi, calific\u00f3 esta acci\u00f3n como irresponsable\u009d e injerencia\u009d la acci\u00f3n armada contra Libia y exigi\u00f3 un alto el fuego de verdad\u009d.<\/p>\n<p>Ch\u00e1vez lament\u00f3 que la ONU se preste para avalar la guerra y que la comunidad internacional no haya aceptado su mediaci\u00f3n de paz que propuso su gobierno d\u00edas atr\u00e1s, la cual tuvo poca aceptaci\u00f3n. Ch\u00e1vez declar\u00f3: (\u00a6) La mano del imperio se impone. Ellos quieren adue\u00f1arse del petr\u00f3leo de Libia\u009d.<\/p>\n<p>El a\u00fan l\u00edder cubano Fidel Castro cuestion\u00f3 la utilidad del Consejo de Seguridad de la ONU y afirm\u00f3 que el est\u00fapido poder\u00edo militar de la Alianza Atl\u00e1ntica OTAN sobra en este mundo\u009d.<\/p>\n<p>Asimismo, Evo Morales, primer mandatario boliviano, al igual su homologo venezolano, expres\u00f3 que la intervenci\u00f3n militar multinacional en Libia era un pretexto de algunas potencias\u009d mundiales interesadas en el petr\u00f3leo.<\/p>\n<p>&nbsp;<\/p>\n<p>Fuente: El Universo<\/p>\n","protected":false},"excerpt":{"rendered":"<p>Varios mandatarios latinoamericanos anunciaron el rechazo total hacia los ataques por parte de la comunidad internacional la cual act\u00faa con urgencia para proteger a los rebeldes que son violentados por partidarios del gobierno libio de Muamar Gaddafi. Por un lado, el presidente venezolano Hugo Ch\u00e1vez, principal aliado latinoamericano de Gadafi, calific\u00f3 esta acci\u00f3n como irresponsable\u009d e injerencia\u009d la acci\u00f3n armada contra Libia y exigi\u00f3 un alto el fuego de verdad\u009d. Ch\u00e1vez lament\u00f3 que la ONU se preste para avalar la guerra y que la comunidad internacional no haya aceptado su mediaci\u00f3n de paz que propuso su gobierno d\u00edas atr\u00e1s, la cual tuvo poca aceptaci\u00f3n. Ch\u00e1vez declar\u00f3: (\u00a6) La mano del imperio se impone. Ellos quieren adue\u00f1arse del petr\u00f3leo de Libia\u009d. El a\u00fan l\u00edder cubano Fidel Castro cuestion\u00f3 la utilidad del Consejo de Seguridad de la ONU y afirm\u00f3 que el est\u00fapido poder\u00edo militar de la Alianza Atl\u00e1ntica OTAN sobra en este mundo\u009d. Asimismo, Evo Morales, primer mandatario boliviano, al igual su homologo venezolano, expres\u00f3 que la intervenci\u00f3n militar multinacional en Libia era un pretexto de algunas potencias\u009d mundiales interesadas en el petr\u00f3leo. &nbsp; Fuente: El Universo<\/p>\n","protected":false},"author":1,"featured_media":205770,"comment_status":"open","ping_status":"open","sticky":false,"template":"","format":"standard","meta":[],"categories":[36,37],"tags":[],"_links":{"self":[{"href":"https:\/\/www.ecuadortimes.net\/es\/wp-json\/wp\/v2\/posts\/205769"}],"collection":[{"href":"https:\/\/www.ecuadortimes.net\/es\/wp-json\/wp\/v2\/posts"}],"about":[{"href":"https:\/\/www.ecuadortimes.net\/es\/wp-json\/wp\/v2\/types\/post"}],"author":[{"embeddable":true,"href":"https:\/\/www.ecuadortimes.net\/es\/wp-json\/wp\/v2\/users\/1"}],"replies":[{"embeddable":true,"href":"https:\/\/www.ecuadortimes.net\/es\/wp-json\/wp\/v2\/comments?post=205769"}],"version-history":[{"count":0,"href":"https:\/\/www.ecuadortimes.net\/es\/wp-json\/wp\/v2\/posts\/205769\/revisions"}],"wp:featuredmedia":[{"embeddable":true,"href":"https:\/\/www.ecuadortimes.net\/es\/wp-json\/wp\/v2\/media\/205770"}],"wp:attachment":[{"href":"https:\/\/www.ecuadortimes.net\/es\/wp-json\/wp\/v2\/media?parent=205769"}],"wp:term":[{"taxonomy":"category","embeddable":true,"href":"https:\/\/www.ecuadortimes.net\/es\/wp-json\/wp\/v2\/categories?post=205769"},{"taxonomy":"post_tag","embeddable":true,"href":"https:\/\/www.ecuadortimes.net\/es\/wp-json\/wp\/v2\/tags?post=205769"}],"curies":[{"name":"wp","href":"https:\/\/api.w.org\/{rel}","templated":true}]}}