{"id":205773,"date":"2011-03-21T00:00:00","date_gmt":"2011-03-21T00:00:00","guid":{"rendered":"https:\/\/www.ecuadortimes.net\/es\/correa-amenaza-con-cerrar-exportadoras-que-no-cumplan-requisitos\/"},"modified":"2011-03-21T00:00:00","modified_gmt":"2011-03-21T00:00:00","slug":"correa-amenaza-con-cerrar-exportadoras-que-no-cumplan-requisitos","status":"publish","type":"post","link":"https:\/\/www.ecuadortimes.net\/es\/correa-amenaza-con-cerrar-exportadoras-que-no-cumplan-requisitos\/","title":{"rendered":"Correa amenaza con cerrar exportadoras que no cumplan requisitos"},"content":{"rendered":"<p><a rel=\"attachment wp-att-21822\" href=\"http:\/\/www.ecuadortimes.net\/es\/2011\/03\/21\/correa-amenaza-con-cerrar-exportadoras-que-no-cumplan-requisitos\/bbnn-2\/\"><img loading=\"lazy\" class=\"alignright size-full wp-image-21822\" src=\"https:\/\/www.ecuadortimes.net\/es\/wp-content\/uploads\/2011\/03\/bbnn1.jpg\" alt=\"\" width=\"266\" height=\"189\" \/><\/a>El Presidente ecuatoriano Rafael Correa, inform\u00f3 ayer que se nacionalizaran las exportaciones de banano para\u00a0\u00a0evitar abusos cometidos contra los productores de este producto.<\/p>\n<p>En su enlace sabatino realizado en la ciudad de Quevedo, Correa advirti\u00f3 que el mercado internacional del banano ha bajado en Rusia debido al fuerte invierno en Rusia y en Libia por la complicada situaci\u00f3n que est\u00e1 atravesando.<\/p>\n<p>Asegura que los exportadores no est\u00e1n comprando la fruta y que tienen graves problemas con los productores, pero el gobierno afirma que se empe\u00f1an en que se respete el precio oficial (5,50 d\u00f3lares por caja) y que se venda por contrato para que los pagos sean a trav\u00e9s de bancos.<\/p>\n<p>El primer mandatario acot\u00f3\u00a0que las exportadoras que no quieran firmar los contratos no lo hagan si no quieren, que nadie ser\u00e1 obligado, pero que no transportan un solo racimo si no es con contrato\u009d, a\u00f1adi\u00f3. Correa amenaz\u00f3 con cerrar las exportadoras que exporten sin este requisito.<\/p>\n<p>(\u00a6) Si tenemos que nacionalizar las exportaciones lo haremos, compa\u00f1eros, pero ya basta de esta sinverg\u00fcencer\u00eda\u009d, acot\u00f3 en el enlace. Por otro lado, record\u00f3 que para evitar estos abusos y generar una sana competencia se orient\u00f3 a crear una exportadora estatal, la cual ya creo que se hizo, pero no est\u00e1 funcionando\u009d.<\/p>\n<p>&nbsp;<\/p>\n<p>Fuente: Ecuador Inmediato<\/p>\n","protected":false},"excerpt":{"rendered":"<p>El Presidente ecuatoriano Rafael Correa, inform\u00f3 ayer que se nacionalizaran las exportaciones de banano para\u00a0\u00a0evitar abusos cometidos contra los productores de este producto. En su enlace sabatino realizado en la ciudad de Quevedo, Correa advirti\u00f3 que el mercado internacional del banano ha bajado en Rusia debido al fuerte invierno en Rusia y en Libia por la complicada situaci\u00f3n que est\u00e1 atravesando. Asegura que los exportadores no est\u00e1n comprando la fruta y que tienen graves problemas con los productores, pero el gobierno afirma que se empe\u00f1an en que se respete el precio oficial (5,50 d\u00f3lares por caja) y que se venda por contrato para que los pagos sean a trav\u00e9s de bancos. El primer mandatario acot\u00f3\u00a0que las exportadoras que no quieran firmar los contratos no lo hagan si no quieren, que nadie ser\u00e1 obligado, pero que no transportan un solo racimo si no es con contrato\u009d, a\u00f1adi\u00f3. Correa amenaz\u00f3 con cerrar las exportadoras que exporten sin este requisito. (\u00a6) Si tenemos que nacionalizar las exportaciones lo haremos, compa\u00f1eros, pero ya basta de esta sinverg\u00fcencer\u00eda\u009d, acot\u00f3 en el enlace. Por otro lado, record\u00f3 que para evitar estos abusos y generar una sana competencia se orient\u00f3 a crear una exportadora estatal, la cual ya creo que se hizo, pero no est\u00e1 funcionando\u009d. &nbsp; Fuente: Ecuador Inmediato<\/p>\n","protected":false},"author":1,"featured_media":205774,"comment_status":"open","ping_status":"open","sticky":false,"template":"","format":"standard","meta":[],"categories":[40,37],"tags":[],"_links":{"self":[{"href":"https:\/\/www.ecuadortimes.net\/es\/wp-json\/wp\/v2\/posts\/205773"}],"collection":[{"href":"https:\/\/www.ecuadortimes.net\/es\/wp-json\/wp\/v2\/posts"}],"about":[{"href":"https:\/\/www.ecuadortimes.net\/es\/wp-json\/wp\/v2\/types\/post"}],"author":[{"embeddable":true,"href":"https:\/\/www.ecuadortimes.net\/es\/wp-json\/wp\/v2\/users\/1"}],"replies":[{"embeddable":true,"href":"https:\/\/www.ecuadortimes.net\/es\/wp-json\/wp\/v2\/comments?post=205773"}],"version-history":[{"count":0,"href":"https:\/\/www.ecuadortimes.net\/es\/wp-json\/wp\/v2\/posts\/205773\/revisions"}],"wp:featuredmedia":[{"embeddable":true,"href":"https:\/\/www.ecuadortimes.net\/es\/wp-json\/wp\/v2\/media\/205774"}],"wp:attachment":[{"href":"https:\/\/www.ecuadortimes.net\/es\/wp-json\/wp\/v2\/media?parent=205773"}],"wp:term":[{"taxonomy":"category","embeddable":true,"href":"https:\/\/www.ecuadortimes.net\/es\/wp-json\/wp\/v2\/categories?post=205773"},{"taxonomy":"post_tag","embeddable":true,"href":"https:\/\/www.ecuadortimes.net\/es\/wp-json\/wp\/v2\/tags?post=205773"}],"curies":[{"name":"wp","href":"https:\/\/api.w.org\/{rel}","templated":true}]}}