{"id":205779,"date":"2011-03-21T00:00:00","date_gmt":"2011-03-21T00:00:00","guid":{"rendered":"https:\/\/www.ecuadortimes.net\/es\/embajada-de-ecuador-se-instala-en-osaka\/"},"modified":"2011-03-21T00:00:00","modified_gmt":"2011-03-21T00:00:00","slug":"embajada-de-ecuador-se-instala-en-osaka","status":"publish","type":"post","link":"https:\/\/www.ecuadortimes.net\/es\/embajada-de-ecuador-se-instala-en-osaka\/","title":{"rendered":"Embajada de Ecuador se instala en Osaka"},"content":{"rendered":"<p style=\"text-align: center\"><a rel=\"attachment wp-att-21855\" href=\"http:\/\/www.ecuadortimes.net\/es\/2011\/03\/21\/embajada-de-ecuador-se-instala-en-osaka\/ecuador-japon-2\/\"><img loading=\"lazy\" class=\"aligncenter size-full wp-image-21855\" src=\"https:\/\/www.ecuadortimes.net\/es\/wp-content\/uploads\/2011\/03\/Ecuador-Japon1.jpg\" alt=\"\" width=\"576\" height=\"225\" \/><\/a><\/p>\n<p style=\"text-align: justify\">Seg\u00fan fuentes diplom\u00e1ticas, las embajadas de Ecuador, Venezuela y Panam\u00e1 han dejado la ciudad de Tokio temporalmente.<\/p>\n<p style=\"text-align: justify\">Las embajadas de Ecuador y Venezuela se han trasladado a Osaka mientras Panam\u00e1 se instal\u00f3 en Kobe y la sede diplom\u00e1tica de Guatemala se radic\u00f3 en Kioto, aunque su embajador permanece en Tokio.<\/p>\n<p style=\"text-align: justify\">Javier Ponce, embajador de Ecuador, enfatiz\u00f3 que la decisi\u00f3n de trasladar a Osaka la representaci\u00f3n diplom\u00e1tica de Ecuador se debe a razones &#8220;log\u00edsticas&#8221;, de esta manera se puede atender mejor a los ecuatorianos que residen en otras zonas del Jap\u00f3n.<\/p>\n","protected":false},"excerpt":{"rendered":"<p>Seg\u00fan fuentes diplom\u00e1ticas, las embajadas de Ecuador, Venezuela y Panam\u00e1 han dejado la ciudad de Tokio temporalmente. Las embajadas de Ecuador y Venezuela se han trasladado a Osaka mientras Panam\u00e1 se instal\u00f3 en Kobe y la sede diplom\u00e1tica de Guatemala se radic\u00f3 en Kioto, aunque su embajador permanece en Tokio. Javier Ponce, embajador de Ecuador, enfatiz\u00f3 que la decisi\u00f3n de trasladar a Osaka la representaci\u00f3n diplom\u00e1tica de Ecuador se debe a razones &#8220;log\u00edsticas&#8221;, de esta manera se puede atender mejor a los ecuatorianos que residen en otras zonas del Jap\u00f3n.<\/p>\n","protected":false},"author":1,"featured_media":205780,"comment_status":"open","ping_status":"open","sticky":false,"template":"","format":"standard","meta":[],"categories":[35,37],"tags":[],"_links":{"self":[{"href":"https:\/\/www.ecuadortimes.net\/es\/wp-json\/wp\/v2\/posts\/205779"}],"collection":[{"href":"https:\/\/www.ecuadortimes.net\/es\/wp-json\/wp\/v2\/posts"}],"about":[{"href":"https:\/\/www.ecuadortimes.net\/es\/wp-json\/wp\/v2\/types\/post"}],"author":[{"embeddable":true,"href":"https:\/\/www.ecuadortimes.net\/es\/wp-json\/wp\/v2\/users\/1"}],"replies":[{"embeddable":true,"href":"https:\/\/www.ecuadortimes.net\/es\/wp-json\/wp\/v2\/comments?post=205779"}],"version-history":[{"count":0,"href":"https:\/\/www.ecuadortimes.net\/es\/wp-json\/wp\/v2\/posts\/205779\/revisions"}],"wp:featuredmedia":[{"embeddable":true,"href":"https:\/\/www.ecuadortimes.net\/es\/wp-json\/wp\/v2\/media\/205780"}],"wp:attachment":[{"href":"https:\/\/www.ecuadortimes.net\/es\/wp-json\/wp\/v2\/media?parent=205779"}],"wp:term":[{"taxonomy":"category","embeddable":true,"href":"https:\/\/www.ecuadortimes.net\/es\/wp-json\/wp\/v2\/categories?post=205779"},{"taxonomy":"post_tag","embeddable":true,"href":"https:\/\/www.ecuadortimes.net\/es\/wp-json\/wp\/v2\/tags?post=205779"}],"curies":[{"name":"wp","href":"https:\/\/api.w.org\/{rel}","templated":true}]}}