{"id":205781,"date":"2011-03-21T00:00:00","date_gmt":"2011-03-21T00:00:00","guid":{"rendered":"https:\/\/www.ecuadortimes.net\/es\/hinchada-de-barcelona-perdio-la-cabeza-ante-4ta-derrota-consecutiva\/"},"modified":"2011-03-21T00:00:00","modified_gmt":"2011-03-21T00:00:00","slug":"hinchada-de-barcelona-perdio-la-cabeza-ante-4ta-derrota-consecutiva","status":"publish","type":"post","link":"https:\/\/www.ecuadortimes.net\/es\/hinchada-de-barcelona-perdio-la-cabeza-ante-4ta-derrota-consecutiva\/","title":{"rendered":"Hinchada de Barcelona perdi\u00f3 la cabeza ante 4ta derrota consecutiva."},"content":{"rendered":"<p><a rel=\"attachment wp-att-21878\" href=\"http:\/\/www.ecuadortimes.net\/es\/2011\/03\/21\/hinchada-de-barcelona-perdio-la-cabeza-ante-4ta-derrota-consecutiva\/barce-2-2\/\"><img loading=\"lazy\" class=\"alignright size-full wp-image-21878\" src=\"https:\/\/www.ecuadortimes.net\/es\/wp-content\/uploads\/2011\/03\/barce-21.png\" alt=\"\" width=\"307\" height=\"233\" \/><\/a>Fan\u00e1ticos enardecidos,\u00a0ante la aplastante derrota por 4-0 del Barcelona Sporting Club ante el Olmedo de Riobamba,\u00a0lograron derribar el alambrado que separa al sector de la general con el campo de juego. En el encuentro futbol\u00edstico y posterior a este, se suscitaron eventos lamentables de violencia verbal y f\u00edsica en los grader\u00edos.<\/p>\n<p>La barra brava del equipo canario, Sur Oscura, expres\u00f3 su ira por medio de amenazas, gritos e insultos hacia los jugadores del conjunto canario, y sobre todo hacia su t\u00e9cnico, Rub\u00e9n Dar\u00edo Ins\u00faa.<\/p>\n<p>La hinchada del equipo local tem\u00eda un incendio en General ya que La Sur\u009d realizaba fogatas con las cintas blancas que suelen usar como serpentinas para la cancha. El incremento de la ira, provoc\u00f3 que el rejado sea derrumbado, sin embargo un contingente policial impidi\u00f3 el ingreso de los aficionados al campo de juego.<\/p>\n<p>A los 32 minutos del cotejo, David Valencia marc\u00f3 el primer tanto de los riobambe\u00f1os tras una falla del zaguero Jefferson Hurtado. Cuatro minutos despu\u00e9s, el argentino Gonzalo Pizzichillo logr\u00f3\u00a0la segunda anotaci\u00f3n. El tercer gol lleg\u00f3\u00a0por parte de Omar Ledesma y a pesar de los cambios efectuados por Ins\u00faa en la complementaria, el Olmedo alcanz\u00f3 a marcar su cuarta conquista.<\/p>\n<p>Esta derrota agrav\u00f3 su crisis deportiva con la tercera derrota en el certamen, que lo condujo al noveno lugar en la tabla de posiciones.<\/p>\n<p>&nbsp;<\/p>\n<p>Fuente: Diario Expreso<\/p>\n<p>&nbsp;<\/p>\n","protected":false},"excerpt":{"rendered":"<p>Fan\u00e1ticos enardecidos,\u00a0ante la aplastante derrota por 4-0 del Barcelona Sporting Club ante el Olmedo de Riobamba,\u00a0lograron derribar el alambrado que separa al sector de la general con el campo de juego. En el encuentro futbol\u00edstico y posterior a este, se suscitaron eventos lamentables de violencia verbal y f\u00edsica en los grader\u00edos. La barra brava del equipo canario, Sur Oscura, expres\u00f3 su ira por medio de amenazas, gritos e insultos hacia los jugadores del conjunto canario, y sobre todo hacia su t\u00e9cnico, Rub\u00e9n Dar\u00edo Ins\u00faa. La hinchada del equipo local tem\u00eda un incendio en General ya que La Sur\u009d realizaba fogatas con las cintas blancas que suelen usar como serpentinas para la cancha. El incremento de la ira, provoc\u00f3 que el rejado sea derrumbado, sin embargo un contingente policial impidi\u00f3 el ingreso de los aficionados al campo de juego. A los 32 minutos del cotejo, David Valencia marc\u00f3 el primer tanto de los riobambe\u00f1os tras una falla del zaguero Jefferson Hurtado. Cuatro minutos despu\u00e9s, el argentino Gonzalo Pizzichillo logr\u00f3\u00a0la segunda anotaci\u00f3n. El tercer gol lleg\u00f3\u00a0por parte de Omar Ledesma y a pesar de los cambios efectuados por Ins\u00faa en la complementaria, el Olmedo alcanz\u00f3 a marcar su cuarta conquista. Esta derrota agrav\u00f3 su crisis deportiva con la tercera derrota en el certamen, que lo condujo al noveno lugar en la tabla de posiciones. &nbsp; Fuente: Diario Expreso &nbsp;<\/p>\n","protected":false},"author":1,"featured_media":205782,"comment_status":"open","ping_status":"open","sticky":false,"template":"","format":"standard","meta":[],"categories":[38,37],"tags":[],"_links":{"self":[{"href":"https:\/\/www.ecuadortimes.net\/es\/wp-json\/wp\/v2\/posts\/205781"}],"collection":[{"href":"https:\/\/www.ecuadortimes.net\/es\/wp-json\/wp\/v2\/posts"}],"about":[{"href":"https:\/\/www.ecuadortimes.net\/es\/wp-json\/wp\/v2\/types\/post"}],"author":[{"embeddable":true,"href":"https:\/\/www.ecuadortimes.net\/es\/wp-json\/wp\/v2\/users\/1"}],"replies":[{"embeddable":true,"href":"https:\/\/www.ecuadortimes.net\/es\/wp-json\/wp\/v2\/comments?post=205781"}],"version-history":[{"count":0,"href":"https:\/\/www.ecuadortimes.net\/es\/wp-json\/wp\/v2\/posts\/205781\/revisions"}],"wp:featuredmedia":[{"embeddable":true,"href":"https:\/\/www.ecuadortimes.net\/es\/wp-json\/wp\/v2\/media\/205782"}],"wp:attachment":[{"href":"https:\/\/www.ecuadortimes.net\/es\/wp-json\/wp\/v2\/media?parent=205781"}],"wp:term":[{"taxonomy":"category","embeddable":true,"href":"https:\/\/www.ecuadortimes.net\/es\/wp-json\/wp\/v2\/categories?post=205781"},{"taxonomy":"post_tag","embeddable":true,"href":"https:\/\/www.ecuadortimes.net\/es\/wp-json\/wp\/v2\/tags?post=205781"}],"curies":[{"name":"wp","href":"https:\/\/api.w.org\/{rel}","templated":true}]}}