{"id":205898,"date":"2011-03-28T00:00:00","date_gmt":"2011-03-28T00:00:00","guid":{"rendered":"https:\/\/www.ecuadortimes.net\/es\/el-show-de-oprah-termina-en-mayo\/"},"modified":"2011-03-28T00:00:00","modified_gmt":"2011-03-28T00:00:00","slug":"el-show-de-oprah-termina-en-mayo","status":"publish","type":"post","link":"https:\/\/www.ecuadortimes.net\/es\/el-show-de-oprah-termina-en-mayo\/","title":{"rendered":"El show de Oprah termina en mayo"},"content":{"rendered":"<p style=\"text-align: justify\">La cadena ABC emitir\u00e1 el \u00faltimo programa de Oprah Winfrey Show el 25 de mayo, ya que la popular presentadora de televisi\u00f3n Oprah Winfrey ha abierto su propio canal de cable, OWN, The Oprah Winfrey Network. Winfrey ven\u00eda anunciando el fin de su programa desde el 2009.<\/p>\n<p style=\"text-align: justify\">OWN comenz\u00f3 a funcionar desde el pasado mes de enero. Winfrey, considerada una de las mujeres m\u00e1s influyentes y ricas de Estados Unidos, tiene adem\u00e1 una revista llamada O, que cumpli\u00f3 diez a\u00f1os en junio; cada empleado recibi\u00f3 8.000 euros y un iPad por motivo de la celebraci\u00f3n.<\/p>\n<p style=\"text-align: justify\">Fuente: El Pa\u00eds<\/p>\n","protected":false},"excerpt":{"rendered":"<p>La cadena ABC emitir\u00e1 el \u00faltimo programa de Oprah Winfrey Show el 25 de mayo, ya que la popular presentadora de televisi\u00f3n Oprah Winfrey ha abierto su propio canal de cable, OWN, The Oprah Winfrey Network. Winfrey ven\u00eda anunciando el fin de su programa desde el 2009. OWN comenz\u00f3 a funcionar desde el pasado mes de enero. Winfrey, considerada una de las mujeres m\u00e1s influyentes y ricas de Estados Unidos, tiene adem\u00e1 una revista llamada O, que cumpli\u00f3 diez a\u00f1os en junio; cada empleado recibi\u00f3 8.000 euros y un iPad por motivo de la celebraci\u00f3n. Fuente: El Pa\u00eds<\/p>\n","protected":false},"author":1,"featured_media":205899,"comment_status":"open","ping_status":"open","sticky":false,"template":"","format":"standard","meta":[],"categories":[44,37],"tags":[],"_links":{"self":[{"href":"https:\/\/www.ecuadortimes.net\/es\/wp-json\/wp\/v2\/posts\/205898"}],"collection":[{"href":"https:\/\/www.ecuadortimes.net\/es\/wp-json\/wp\/v2\/posts"}],"about":[{"href":"https:\/\/www.ecuadortimes.net\/es\/wp-json\/wp\/v2\/types\/post"}],"author":[{"embeddable":true,"href":"https:\/\/www.ecuadortimes.net\/es\/wp-json\/wp\/v2\/users\/1"}],"replies":[{"embeddable":true,"href":"https:\/\/www.ecuadortimes.net\/es\/wp-json\/wp\/v2\/comments?post=205898"}],"version-history":[{"count":0,"href":"https:\/\/www.ecuadortimes.net\/es\/wp-json\/wp\/v2\/posts\/205898\/revisions"}],"wp:featuredmedia":[{"embeddable":true,"href":"https:\/\/www.ecuadortimes.net\/es\/wp-json\/wp\/v2\/media\/205899"}],"wp:attachment":[{"href":"https:\/\/www.ecuadortimes.net\/es\/wp-json\/wp\/v2\/media?parent=205898"}],"wp:term":[{"taxonomy":"category","embeddable":true,"href":"https:\/\/www.ecuadortimes.net\/es\/wp-json\/wp\/v2\/categories?post=205898"},{"taxonomy":"post_tag","embeddable":true,"href":"https:\/\/www.ecuadortimes.net\/es\/wp-json\/wp\/v2\/tags?post=205898"}],"curies":[{"name":"wp","href":"https:\/\/api.w.org\/{rel}","templated":true}]}}