{"id":205906,"date":"2011-03-29T00:00:00","date_gmt":"2011-03-29T00:00:00","guid":{"rendered":"https:\/\/www.ecuadortimes.net\/es\/penelope-cruz-tendra-estrella-en-el-paseo-de-la-fama-de-hollywood\/"},"modified":"2011-03-29T00:00:00","modified_gmt":"2011-03-29T00:00:00","slug":"penelope-cruz-tendra-estrella-en-el-paseo-de-la-fama-de-hollywood","status":"publish","type":"post","link":"https:\/\/www.ecuadortimes.net\/es\/penelope-cruz-tendra-estrella-en-el-paseo-de-la-fama-de-hollywood\/","title":{"rendered":"Pen\u00e9lope Cruz tendr\u00e1 estrella en el Paseo de la Fama de Hollywood"},"content":{"rendered":"<p style=\"text-align: justify;\"><a rel=\"attachment wp-att-22864\" href=\"http:\/\/www.ecuadortimes.net\/es\/2011\/03\/29\/penelope-cruz-tendra-su-estrella-en-el-paseo-de-la-fama-de-hollywood\/penelope-cruz-pirata\/\"><img loading=\"lazy\" class=\"alignleft size-medium wp-image-22864\" src=\"https:\/\/www.ecuadortimes.net\/es\/wp-content\/uploads\/2011\/03\/penelope-cruz-pirata-206x300.jpg\" alt=\"\" width=\"148\" height=\"216\" \/><\/a>La actriz espa\u00f1ola Pen\u00e9lope Cruz, conocida por participar en numerosos filmes del director, tambi\u00e9n espa\u00f1ol, Pedro Almod\u00f3var, tendr\u00e1 su propia estrella en el Paseo de la Fama de Hollywood. La estrella, que es la n\u00famero 2.436, ser\u00e1 desvelada este viernes.<\/p>\n<p style=\"text-align: justify;\">Cruz se convierte en la primera espa\u00f1ola en el pabell\u00f3n de las estrellas frente a El Capitan Theatre\u009d, luego de llevarse el Oscar a la mejor actriz de reparto por su actuaci\u00f3n en Vicky, Cristina, Barcelona\u009d, dirigida por Woody Allen.<\/p>\n<p style=\"text-align: justify;\">Pr\u00f3ximamente veremos a Pen\u00e9lope junto a Johnny Depp en la cuarta parte de la saga Piratas del Caribe: En mareas misteriosas\u009d, dirigida por Rob Marshall.<\/p>\n<p style=\"text-align: center;\"><span class=\"youtube\"><iframe loading=\"lazy\" title=\"YouTube video player\" class=\"youtube-player\" type=\"text\/html\" width=\"425\" height=\"344\" src=\"\/\/www.youtube.com\/embed\/wZTtvYLvCRI?wmode=transparent&amp;fs=1&amp;hl=en&amp;modestbranding=1&amp;iv_load_policy=3&amp;showsearch=0&amp;rel=1&amp;theme=dark&amp;feature=fvst\" frameborder=\"0\" allowfullscreen><\/iframe><\/span><\/p>\n","protected":false},"excerpt":{"rendered":"<p>La actriz espa\u00f1ola Pen\u00e9lope Cruz, conocida por participar en numerosos filmes del director, tambi\u00e9n espa\u00f1ol, Pedro Almod\u00f3var, tendr\u00e1 su propia estrella en el Paseo de la Fama de Hollywood. La estrella, que es la n\u00famero 2.436, ser\u00e1 desvelada este viernes. Cruz se convierte en la primera espa\u00f1ola en el pabell\u00f3n de las estrellas frente a El Capitan Theatre\u009d, luego de llevarse el Oscar a la mejor actriz de reparto por su actuaci\u00f3n en Vicky, Cristina, Barcelona\u009d, dirigida por Woody Allen. Pr\u00f3ximamente veremos a Pen\u00e9lope junto a Johnny Depp en la cuarta parte de la saga Piratas del Caribe: En mareas misteriosas\u009d, dirigida por Rob Marshall.<\/p>\n","protected":false},"author":1,"featured_media":205907,"comment_status":"open","ping_status":"open","sticky":false,"template":"","format":"standard","meta":[],"categories":[44,37],"tags":[],"_links":{"self":[{"href":"https:\/\/www.ecuadortimes.net\/es\/wp-json\/wp\/v2\/posts\/205906"}],"collection":[{"href":"https:\/\/www.ecuadortimes.net\/es\/wp-json\/wp\/v2\/posts"}],"about":[{"href":"https:\/\/www.ecuadortimes.net\/es\/wp-json\/wp\/v2\/types\/post"}],"author":[{"embeddable":true,"href":"https:\/\/www.ecuadortimes.net\/es\/wp-json\/wp\/v2\/users\/1"}],"replies":[{"embeddable":true,"href":"https:\/\/www.ecuadortimes.net\/es\/wp-json\/wp\/v2\/comments?post=205906"}],"version-history":[{"count":0,"href":"https:\/\/www.ecuadortimes.net\/es\/wp-json\/wp\/v2\/posts\/205906\/revisions"}],"wp:featuredmedia":[{"embeddable":true,"href":"https:\/\/www.ecuadortimes.net\/es\/wp-json\/wp\/v2\/media\/205907"}],"wp:attachment":[{"href":"https:\/\/www.ecuadortimes.net\/es\/wp-json\/wp\/v2\/media?parent=205906"}],"wp:term":[{"taxonomy":"category","embeddable":true,"href":"https:\/\/www.ecuadortimes.net\/es\/wp-json\/wp\/v2\/categories?post=205906"},{"taxonomy":"post_tag","embeddable":true,"href":"https:\/\/www.ecuadortimes.net\/es\/wp-json\/wp\/v2\/tags?post=205906"}],"curies":[{"name":"wp","href":"https:\/\/api.w.org\/{rel}","templated":true}]}}