{"id":205912,"date":"2011-03-29T00:00:00","date_gmt":"2011-03-29T00:00:00","guid":{"rendered":"https:\/\/www.ecuadortimes.net\/es\/radiacion-descubierta-en-el-aire-de-las-filipinas\/"},"modified":"2011-03-29T00:00:00","modified_gmt":"2011-03-29T00:00:00","slug":"radiacion-descubierta-en-el-aire-de-las-filipinas","status":"publish","type":"post","link":"https:\/\/www.ecuadortimes.net\/es\/radiacion-descubierta-en-el-aire-de-las-filipinas\/","title":{"rendered":"Radiaci\u00f3n descubierta en el aire de las Filipinas"},"content":{"rendered":"<p><a rel=\"attachment wp-att-22922\" href=\"http:\/\/www.ecuadortimes.net\/es\/2011\/03\/29\/radiacion-descubierta-en-el-aire-de-las-filipinas\/normal_1_133-2\/\"><img loading=\"lazy\" class=\"alignleft size-medium wp-image-22922\" title=\"Enrique Ona\" src=\"https:\/\/www.ecuadortimes.net\/es\/wp-content\/uploads\/2011\/03\/normal_1_1331-300x199.jpg\" alt=\"\" width=\"240\" height=\"159\" \/><\/a>Las autoridades filipinas descubrieron peque\u00f1as cantidades de radiaci\u00f3n provenientes de la planta nuclear japonesa Fukushima Daiichi. Sin embargo, los niveles de radiaci\u00f3n en el aire no son peligrosos para los humanos. Mientras tanto el Instituto Filipino de Investigaci\u00f3n Nuclear (PNRI) revel\u00f3 en su reporte que la radiaci\u00f3n proven\u00eda de la central Fukushima.<\/p>\n<p>El ministro de Sanidad filipino, Enrique Ona, asegur\u00f3 que no hay necesidad de prohibir las exportaciones de comida japonesa. Mientras que el ministerio de agricultura recomend\u00f3 anular los permisos de importaci\u00f3n para productos l\u00e1cteos hechos cerca de la zona del desastre.<\/p>\n<p>Mientras tanto, China y Corea del Sur, pa\u00edses que est\u00e1n m\u00e1s cerca de Jap\u00f3n que las Filipinas, revelaron que ellos tambi\u00e9n han descubierto peque\u00f1as cantidades de radiaci\u00f3n que no son peligrosas para el hombre.<\/p>\n<p>Fuente: EFE<\/p>\n","protected":false},"excerpt":{"rendered":"<p>Las autoridades filipinas descubrieron peque\u00f1as cantidades de radiaci\u00f3n provenientes de la planta nuclear japonesa Fukushima Daiichi. Sin embargo, los niveles de radiaci\u00f3n en el aire no son peligrosos para los humanos. Mientras tanto el Instituto Filipino de Investigaci\u00f3n Nuclear (PNRI) revel\u00f3 en su reporte que la radiaci\u00f3n proven\u00eda de la central Fukushima. El ministro de Sanidad filipino, Enrique Ona, asegur\u00f3 que no hay necesidad de prohibir las exportaciones de comida japonesa. Mientras que el ministerio de agricultura recomend\u00f3 anular los permisos de importaci\u00f3n para productos l\u00e1cteos hechos cerca de la zona del desastre. Mientras tanto, China y Corea del Sur, pa\u00edses que est\u00e1n m\u00e1s cerca de Jap\u00f3n que las Filipinas, revelaron que ellos tambi\u00e9n han descubierto peque\u00f1as cantidades de radiaci\u00f3n que no son peligrosas para el hombre. Fuente: EFE<\/p>\n","protected":false},"author":1,"featured_media":205913,"comment_status":"open","ping_status":"open","sticky":false,"template":"","format":"standard","meta":[],"categories":[36,37],"tags":[],"_links":{"self":[{"href":"https:\/\/www.ecuadortimes.net\/es\/wp-json\/wp\/v2\/posts\/205912"}],"collection":[{"href":"https:\/\/www.ecuadortimes.net\/es\/wp-json\/wp\/v2\/posts"}],"about":[{"href":"https:\/\/www.ecuadortimes.net\/es\/wp-json\/wp\/v2\/types\/post"}],"author":[{"embeddable":true,"href":"https:\/\/www.ecuadortimes.net\/es\/wp-json\/wp\/v2\/users\/1"}],"replies":[{"embeddable":true,"href":"https:\/\/www.ecuadortimes.net\/es\/wp-json\/wp\/v2\/comments?post=205912"}],"version-history":[{"count":0,"href":"https:\/\/www.ecuadortimes.net\/es\/wp-json\/wp\/v2\/posts\/205912\/revisions"}],"wp:featuredmedia":[{"embeddable":true,"href":"https:\/\/www.ecuadortimes.net\/es\/wp-json\/wp\/v2\/media\/205913"}],"wp:attachment":[{"href":"https:\/\/www.ecuadortimes.net\/es\/wp-json\/wp\/v2\/media?parent=205912"}],"wp:term":[{"taxonomy":"category","embeddable":true,"href":"https:\/\/www.ecuadortimes.net\/es\/wp-json\/wp\/v2\/categories?post=205912"},{"taxonomy":"post_tag","embeddable":true,"href":"https:\/\/www.ecuadortimes.net\/es\/wp-json\/wp\/v2\/tags?post=205912"}],"curies":[{"name":"wp","href":"https:\/\/api.w.org\/{rel}","templated":true}]}}