{"id":205914,"date":"2011-03-29T00:00:00","date_gmt":"2011-03-29T00:00:00","guid":{"rendered":"https:\/\/www.ecuadortimes.net\/es\/drama-y-luz-en-el-nuevo-disco-de-mana\/"},"modified":"2011-03-29T00:00:00","modified_gmt":"2011-03-29T00:00:00","slug":"drama-y-luz-en-el-nuevo-disco-de-mana","status":"publish","type":"post","link":"https:\/\/www.ecuadortimes.net\/es\/drama-y-luz-en-el-nuevo-disco-de-mana\/","title":{"rendered":"Drama y Luz en el nuevo disco de Man\u00e1"},"content":{"rendered":"<div>\n<p style=\"text-align: justify\"><a rel=\"attachment wp-att-22944\" href=\"http:\/\/www.ecuadortimes.net\/2011\/03\/29\/mana-presented-their-new-album\/drama-y-luz-mana\/\"><img loading=\"lazy\" class=\"alignleft size-medium wp-image-22944\" src=\"https:\/\/www.ecuadortimes.net\/es\/wp-content\/uploads\/2011\/03\/Drama-y-luz-Man\u00e1-300x300.jpg\" alt=\"\" width=\"300\" height=\"300\" \/><\/a>La banda mexicana Man\u00e1 present\u00f3 este martes en Madrid &#8220;Drama y luz&#8221;, su \u00faltimo disco. Seg\u00fan Fher Olvera, vocalista del grupo, este album trae &#8220;historias de amor, desamor, ilusiones&#8221; e incluso un tema que quiere ser un &#8220;himno&#8221; a Latinoam\u00e9rica.<\/p>\n<p style=\"text-align: justify\">&#8220;Fue un super esfuerzo, nunca hab\u00eda trabajado tanto en las letras&#8221;, afirm\u00f3 Olvera en una rueda de prensa.<\/p>\n<p style=\"text-align: justify\">La canci\u00f3n &#8220;Vuela libre paloma&#8221; est\u00e1 inspirada en la madre del Fher, quien muri\u00f3 de c\u00e1ncer durante la producci\u00f3n del disco, lo que &#8220;le dio otra direcci\u00f3n al disco&#8221;.<\/p>\n<p style=\"text-align: justify\">&#8220;Drama y luz&#8221;, el primer trabajo de estudio de Man\u00e1 desde &#8220;Amar es combatir&#8221; (2006), incluye doce temas,y estar\u00e1 a la venta a partir del 12 de abril.<\/p>\n<p>Fuente: AFP<\/p><\/div>\n<p>&nbsp;<\/p>\n","protected":false},"excerpt":{"rendered":"<p>La banda mexicana Man\u00e1 present\u00f3 este martes en Madrid &#8220;Drama y luz&#8221;, su \u00faltimo disco. Seg\u00fan Fher Olvera, vocalista del grupo, este album trae &#8220;historias de amor, desamor, ilusiones&#8221; e incluso un tema que quiere ser un &#8220;himno&#8221; a Latinoam\u00e9rica. &#8220;Fue un super esfuerzo, nunca hab\u00eda trabajado tanto en las letras&#8221;, afirm\u00f3 Olvera en una rueda de prensa. La canci\u00f3n &#8220;Vuela libre paloma&#8221; est\u00e1 inspirada en la madre del Fher, quien muri\u00f3 de c\u00e1ncer durante la producci\u00f3n del disco, lo que &#8220;le dio otra direcci\u00f3n al disco&#8221;. &#8220;Drama y luz&#8221;, el primer trabajo de estudio de Man\u00e1 desde &#8220;Amar es combatir&#8221; (2006), incluye doce temas,y estar\u00e1 a la venta a partir del 12 de abril. Fuente: AFP &nbsp;<\/p>\n","protected":false},"author":1,"featured_media":205915,"comment_status":"open","ping_status":"open","sticky":false,"template":"","format":"standard","meta":[],"categories":[44,37],"tags":[],"_links":{"self":[{"href":"https:\/\/www.ecuadortimes.net\/es\/wp-json\/wp\/v2\/posts\/205914"}],"collection":[{"href":"https:\/\/www.ecuadortimes.net\/es\/wp-json\/wp\/v2\/posts"}],"about":[{"href":"https:\/\/www.ecuadortimes.net\/es\/wp-json\/wp\/v2\/types\/post"}],"author":[{"embeddable":true,"href":"https:\/\/www.ecuadortimes.net\/es\/wp-json\/wp\/v2\/users\/1"}],"replies":[{"embeddable":true,"href":"https:\/\/www.ecuadortimes.net\/es\/wp-json\/wp\/v2\/comments?post=205914"}],"version-history":[{"count":0,"href":"https:\/\/www.ecuadortimes.net\/es\/wp-json\/wp\/v2\/posts\/205914\/revisions"}],"wp:featuredmedia":[{"embeddable":true,"href":"https:\/\/www.ecuadortimes.net\/es\/wp-json\/wp\/v2\/media\/205915"}],"wp:attachment":[{"href":"https:\/\/www.ecuadortimes.net\/es\/wp-json\/wp\/v2\/media?parent=205914"}],"wp:term":[{"taxonomy":"category","embeddable":true,"href":"https:\/\/www.ecuadortimes.net\/es\/wp-json\/wp\/v2\/categories?post=205914"},{"taxonomy":"post_tag","embeddable":true,"href":"https:\/\/www.ecuadortimes.net\/es\/wp-json\/wp\/v2\/tags?post=205914"}],"curies":[{"name":"wp","href":"https:\/\/api.w.org\/{rel}","templated":true}]}}