{"id":205918,"date":"2011-03-29T00:00:00","date_gmt":"2011-03-29T00:00:00","guid":{"rendered":"https:\/\/www.ecuadortimes.net\/es\/rafael-correa-no-enjuiciara-a-su-hermano-por-respeto-a-su-madre\/"},"modified":"2011-03-29T00:00:00","modified_gmt":"2011-03-29T00:00:00","slug":"rafael-correa-no-enjuiciara-a-su-hermano-por-respeto-a-su-madre","status":"publish","type":"post","link":"https:\/\/www.ecuadortimes.net\/es\/rafael-correa-no-enjuiciara-a-su-hermano-por-respeto-a-su-madre\/","title":{"rendered":"Rafael Correa no enjuiciar\u00e1 a su hermano por respeto a su madre"},"content":{"rendered":"<p>El presidente ecuatoriano, Rafael Correa, asegur\u00f3 ayer en una entrevista para FMMundo, que no enjuiciar\u00e1 a su hermano Fabricio Correa por respeto a su madre.<\/p>\n<p>Su afirmaci\u00f3n fue respecto a la demanda que el Mandatario interpuso contra los periodistas Juan Carlos Calder\u00f3n y Christian Zurita. Seg\u00fan el Presidente, en el libro \u0098El Gran Hermano\u0099, se asegura sin pruebas que \u00e9l ten\u00eda conocimiento de los contratos entre el Estado y las empresas vinculadas a Fabricio Correa.<\/p>\n<p>Seg\u00fan los autores del libro, estas afirmaciones fueron expresadas por el propio hermano del presidente Correa. En el texto adem\u00e1s se citan las declaraciones del Jefe de Estado, donde niega saber de estos negocios.<\/p>\n<p>No enjuicio a mi hermano por respeto a mi madre; mis amigos saben muy bien lo que pienso de mi hermano. Por respeto a mi madre y a mi familia no lo puedo demandar a \u00e9l, pero s\u00ed puedo demandar a gente que por vender un libro utilizaron a Fabricio Correa\u009d, expres\u00f3 el Presidente en la entrevista con la periodista Est\u00e9fani Esp\u00edn.<\/p>\n<p>Fuente: Diario El Comercio<\/p>\n","protected":false},"excerpt":{"rendered":"<p>El presidente ecuatoriano, Rafael Correa, asegur\u00f3 ayer en una entrevista para FMMundo, que no enjuiciar\u00e1 a su hermano Fabricio Correa por respeto a su madre. Su afirmaci\u00f3n fue respecto a la demanda que el Mandatario interpuso contra los periodistas Juan Carlos Calder\u00f3n y Christian Zurita. Seg\u00fan el Presidente, en el libro \u0098El Gran Hermano\u0099, se asegura sin pruebas que \u00e9l ten\u00eda conocimiento de los contratos entre el Estado y las empresas vinculadas a Fabricio Correa. Seg\u00fan los autores del libro, estas afirmaciones fueron expresadas por el propio hermano del presidente Correa. En el texto adem\u00e1s se citan las declaraciones del Jefe de Estado, donde niega saber de estos negocios. No enjuicio a mi hermano por respeto a mi madre; mis amigos saben muy bien lo que pienso de mi hermano. Por respeto a mi madre y a mi familia no lo puedo demandar a \u00e9l, pero s\u00ed puedo demandar a gente que por vender un libro utilizaron a Fabricio Correa\u009d, expres\u00f3 el Presidente en la entrevista con la periodista Est\u00e9fani Esp\u00edn. Fuente: Diario El Comercio<\/p>\n","protected":false},"author":1,"featured_media":205919,"comment_status":"open","ping_status":"open","sticky":false,"template":"","format":"standard","meta":[],"categories":[40,37],"tags":[],"_links":{"self":[{"href":"https:\/\/www.ecuadortimes.net\/es\/wp-json\/wp\/v2\/posts\/205918"}],"collection":[{"href":"https:\/\/www.ecuadortimes.net\/es\/wp-json\/wp\/v2\/posts"}],"about":[{"href":"https:\/\/www.ecuadortimes.net\/es\/wp-json\/wp\/v2\/types\/post"}],"author":[{"embeddable":true,"href":"https:\/\/www.ecuadortimes.net\/es\/wp-json\/wp\/v2\/users\/1"}],"replies":[{"embeddable":true,"href":"https:\/\/www.ecuadortimes.net\/es\/wp-json\/wp\/v2\/comments?post=205918"}],"version-history":[{"count":0,"href":"https:\/\/www.ecuadortimes.net\/es\/wp-json\/wp\/v2\/posts\/205918\/revisions"}],"wp:featuredmedia":[{"embeddable":true,"href":"https:\/\/www.ecuadortimes.net\/es\/wp-json\/wp\/v2\/media\/205919"}],"wp:attachment":[{"href":"https:\/\/www.ecuadortimes.net\/es\/wp-json\/wp\/v2\/media?parent=205918"}],"wp:term":[{"taxonomy":"category","embeddable":true,"href":"https:\/\/www.ecuadortimes.net\/es\/wp-json\/wp\/v2\/categories?post=205918"},{"taxonomy":"post_tag","embeddable":true,"href":"https:\/\/www.ecuadortimes.net\/es\/wp-json\/wp\/v2\/tags?post=205918"}],"curies":[{"name":"wp","href":"https:\/\/api.w.org\/{rel}","templated":true}]}}