{"id":205926,"date":"2011-03-29T00:00:00","date_gmt":"2011-03-29T00:00:00","guid":{"rendered":"https:\/\/www.ecuadortimes.net\/es\/conaie-y-pachakutik-demandan-a-rafael-correa\/"},"modified":"2011-03-29T00:00:00","modified_gmt":"2011-03-29T00:00:00","slug":"conaie-y-pachakutik-demandan-a-rafael-correa","status":"publish","type":"post","link":"https:\/\/www.ecuadortimes.net\/es\/conaie-y-pachakutik-demandan-a-rafael-correa\/","title":{"rendered":"Conaie y Pachakutik demandan a Rafael Correa"},"content":{"rendered":"<p><a rel=\"attachment wp-att-23044\" href=\"http:\/\/www.ecuadortimes.net\/es\/2011\/03\/29\/conaie-y-pachakutik-demandan-a-correa-por-explotacion-amazonica\/senor-2\/\"><img loading=\"lazy\" class=\"alignright size-full wp-image-23044\" src=\"https:\/\/www.ecuadortimes.net\/es\/wp-content\/uploads\/2011\/03\/se\u00f1or1.png\" alt=\"\" width=\"311\" height=\"227\" \/><\/a>El Partido Pachakutik y la Confederaci\u00f3n de Nacionalidades Ind\u00edgenas del Ecuador (Conaie), presentaron hoy una demanda contra presidente de la naci\u00f3n Rafael Correa, por presunta autorizaci\u00f3n para la explotaci\u00f3n petroleras en territorio &#8220;ancestral&#8221; de pueblos aislados en la amazonia ecuatoriana.<\/p>\n<p>Los dirigentes ind\u00edgenas presentaron personalmente ante la Fiscal\u00eda General del Estado la demanda, que adem\u00e1s de Correa cita como imputados a casi 30 funcionarios y ex funcionarios de su Gobierno.<\/p>\n<p>Mediante un rueda de prensa, representantes de la Conaie y Pachakutik explicaron que lo que buscan es evitar el genocidio de las tribus Tagaeri y Taromenane, las cuales viven en una vasta extensi\u00f3n amaz\u00f3nica vecina con Per\u00fa. Se trata de uno de los pocos grupos humanos que a\u00fan existen en el planeta que se reh\u00fasan a cualquier contacto con el exterior. El estudio ofrece como evidencia varios contactos con colonos, muertes violentas y rastros f\u00edsicos, seg\u00fan los demandantes.<\/p>\n<p>Conaie y Pachakutik sostienen que adem\u00e1s de violar estos territorios, el Gobierno tiene listo el plan de manejo ambiental para la explotaci\u00f3n del Yasun\u00ed ITT, tambi\u00e9n dentro del parque.<\/p>\n<p>El Ejecutivo\u00a0pidi\u00f3\u00a0a la comunidad internacional compensaciones econ\u00f3micas por no sacar el petr\u00f3leo de la zona ITT, pero asimismo ha indicado que si no las recibe proceder\u00e1 a bombear el crudo.<\/p>\n<p>&#8220;Hablamos de clanes de alrededor de m\u00e1s de 200 personas&#8221;, expres\u00f3 el asamble\u00edsta Cl\u00e9ver Jim\u00e9nez mientras que el presidente de la Conaie Marlon Santi denunci\u00f3 que &#8220;Se est\u00e1n implementando procesos ilegales de exploraci\u00f3n y explotaci\u00f3n en territorios de esos pueblos&#8221;.<\/p>\n<p>Jim\u00e9nez indic\u00f3 que si no tiene \u00e9xito la acci\u00f3n a nivel local, presentar\u00e1n la demanda ante la Corte Penal Internacional.<\/p>\n<p>&nbsp;<\/p>\n<p>Fuente: Eluniversal.com<\/p>\n","protected":false},"excerpt":{"rendered":"<p>El Partido Pachakutik y la Confederaci\u00f3n de Nacionalidades Ind\u00edgenas del Ecuador (Conaie), presentaron hoy una demanda contra presidente de la naci\u00f3n Rafael Correa, por presunta autorizaci\u00f3n para la explotaci\u00f3n petroleras en territorio &#8220;ancestral&#8221; de pueblos aislados en la amazonia ecuatoriana. Los dirigentes ind\u00edgenas presentaron personalmente ante la Fiscal\u00eda General del Estado la demanda, que adem\u00e1s de Correa cita como imputados a casi 30 funcionarios y ex funcionarios de su Gobierno. Mediante un rueda de prensa, representantes de la Conaie y Pachakutik explicaron que lo que buscan es evitar el genocidio de las tribus Tagaeri y Taromenane, las cuales viven en una vasta extensi\u00f3n amaz\u00f3nica vecina con Per\u00fa. Se trata de uno de los pocos grupos humanos que a\u00fan existen en el planeta que se reh\u00fasan a cualquier contacto con el exterior. El estudio ofrece como evidencia varios contactos con colonos, muertes violentas y rastros f\u00edsicos, seg\u00fan los demandantes. Conaie y Pachakutik sostienen que adem\u00e1s de violar estos territorios, el Gobierno tiene listo el plan de manejo ambiental para la explotaci\u00f3n del Yasun\u00ed ITT, tambi\u00e9n dentro del parque. El Ejecutivo\u00a0pidi\u00f3\u00a0a la comunidad internacional compensaciones econ\u00f3micas por no sacar el petr\u00f3leo de la zona ITT, pero asimismo ha indicado que si no las recibe proceder\u00e1 a bombear el crudo. &#8220;Hablamos de clanes de alrededor de m\u00e1s de 200 personas&#8221;, expres\u00f3 el asamble\u00edsta Cl\u00e9ver Jim\u00e9nez mientras que el presidente de la Conaie Marlon Santi denunci\u00f3 que &#8220;Se est\u00e1n implementando procesos ilegales de exploraci\u00f3n y explotaci\u00f3n en territorios de esos pueblos&#8221;. Jim\u00e9nez indic\u00f3 que si no tiene \u00e9xito la acci\u00f3n a nivel local, presentar\u00e1n la demanda ante la Corte Penal Internacional. &nbsp; Fuente: Eluniversal.com<\/p>\n","protected":false},"author":1,"featured_media":205927,"comment_status":"open","ping_status":"open","sticky":false,"template":"","format":"standard","meta":[],"categories":[40,37],"tags":[],"_links":{"self":[{"href":"https:\/\/www.ecuadortimes.net\/es\/wp-json\/wp\/v2\/posts\/205926"}],"collection":[{"href":"https:\/\/www.ecuadortimes.net\/es\/wp-json\/wp\/v2\/posts"}],"about":[{"href":"https:\/\/www.ecuadortimes.net\/es\/wp-json\/wp\/v2\/types\/post"}],"author":[{"embeddable":true,"href":"https:\/\/www.ecuadortimes.net\/es\/wp-json\/wp\/v2\/users\/1"}],"replies":[{"embeddable":true,"href":"https:\/\/www.ecuadortimes.net\/es\/wp-json\/wp\/v2\/comments?post=205926"}],"version-history":[{"count":0,"href":"https:\/\/www.ecuadortimes.net\/es\/wp-json\/wp\/v2\/posts\/205926\/revisions"}],"wp:featuredmedia":[{"embeddable":true,"href":"https:\/\/www.ecuadortimes.net\/es\/wp-json\/wp\/v2\/media\/205927"}],"wp:attachment":[{"href":"https:\/\/www.ecuadortimes.net\/es\/wp-json\/wp\/v2\/media?parent=205926"}],"wp:term":[{"taxonomy":"category","embeddable":true,"href":"https:\/\/www.ecuadortimes.net\/es\/wp-json\/wp\/v2\/categories?post=205926"},{"taxonomy":"post_tag","embeddable":true,"href":"https:\/\/www.ecuadortimes.net\/es\/wp-json\/wp\/v2\/tags?post=205926"}],"curies":[{"name":"wp","href":"https:\/\/api.w.org\/{rel}","templated":true}]}}