{"id":205970,"date":"2011-04-01T00:00:00","date_gmt":"2011-04-01T00:00:00","guid":{"rendered":"https:\/\/www.ecuadortimes.net\/es\/time-warner-cable-deja-de-transmitir-algunos-canales-para-ipad\/"},"modified":"2011-04-01T00:00:00","modified_gmt":"2011-04-01T00:00:00","slug":"time-warner-cable-deja-de-transmitir-algunos-canales-para-ipad","status":"publish","type":"post","link":"https:\/\/www.ecuadortimes.net\/es\/time-warner-cable-deja-de-transmitir-algunos-canales-para-ipad\/","title":{"rendered":"Time Warner Cable deja de transmitir algunos canales para iPad"},"content":{"rendered":"<div>\n<p style=\"text-align: justify\"><a rel=\"attachment wp-att-23334\" href=\"http:\/\/www.ecuadortimes.net\/2011\/04\/01\/time-warner-cable-eliminated-some-tv-channels-from-its-ipad-app\/time-warner-cable-ipad-app-prototype\/\"><img loading=\"lazy\" class=\"alignleft size-full wp-image-23334\" src=\"https:\/\/www.ecuadortimes.net\/es\/wp-content\/uploads\/2011\/04\/Time-Warner-Cable-iPad-App-Prototype.jpg\" alt=\"\" width=\"300\" height=\"247\" \/><\/a>La aplicaci\u00f3n Time Warner Cable eliminar\u00e1 algunos de los canales de televisi\u00f3n que permite ver en directo desde un iPad debido a que las compa\u00f1\u00edas Fox (News Corp), Viacom y Discovery Communications \u00a0presentaron quejas. Dichas televisoras consideraron que la empresa de cable necesitaba pagar nuevas licencias para transmitir su se\u00f1al a trav\u00e9s de la aplicaci\u00f3n.<\/p>\n<p style=\"text-align: justify\">Time Warner Cable para iPad, lanzado este mes, permit\u00eda a los usuarios ver programaci\u00f3n de 32 canales en directo usando una conexi\u00f3n Wi-Fi.<\/p>\n<p style=\"text-align: justify\">Algunos programadores protestaron por considerar que una compa\u00f1\u00eda de cable necesitar\u00eda una licencia ampliada para poder ofrecer programaci\u00f3n en directo en un dispositivo diferente a un televisor, mientras que Time Warner Cable dijo que s\u00ed ten\u00eda derecho. &#8220;Defenderemos legalmente todos nuestros derechos contra los programadores que no comparten nuestro punto de vista&#8221;, dijo Time Warner Cable en un comunicado.<\/p>\n<p style=\"text-align: justify\">Se prev\u00e9 que Cablevision Systems lance una aplicaci\u00f3n similar para el iPad. &#8220;La aplicaci\u00f3n se ha presentado a Apple y, cuando tenga su aprobaci\u00f3n, estar\u00e1 disponible para nuestros clientes de televisi\u00f3n por cable&#8221;, dijo la compa\u00f1\u00eda.<\/p>\n<p style=\"text-align: justify\">Fuente: Reuters<\/p>\n<\/div>\n","protected":false},"excerpt":{"rendered":"<p>La aplicaci\u00f3n Time Warner Cable eliminar\u00e1 algunos de los canales de televisi\u00f3n que permite ver en directo desde un iPad debido a que las compa\u00f1\u00edas Fox (News Corp), Viacom y Discovery Communications \u00a0presentaron quejas. Dichas televisoras consideraron que la empresa de cable necesitaba pagar nuevas licencias para transmitir su se\u00f1al a trav\u00e9s de la aplicaci\u00f3n. Time Warner Cable para iPad, lanzado este mes, permit\u00eda a los usuarios ver programaci\u00f3n de 32 canales en directo usando una conexi\u00f3n Wi-Fi. Algunos programadores protestaron por considerar que una compa\u00f1\u00eda de cable necesitar\u00eda una licencia ampliada para poder ofrecer programaci\u00f3n en directo en un dispositivo diferente a un televisor, mientras que Time Warner Cable dijo que s\u00ed ten\u00eda derecho. &#8220;Defenderemos legalmente todos nuestros derechos contra los programadores que no comparten nuestro punto de vista&#8221;, dijo Time Warner Cable en un comunicado. Se prev\u00e9 que Cablevision Systems lance una aplicaci\u00f3n similar para el iPad. &#8220;La aplicaci\u00f3n se ha presentado a Apple y, cuando tenga su aprobaci\u00f3n, estar\u00e1 disponible para nuestros clientes de televisi\u00f3n por cable&#8221;, dijo la compa\u00f1\u00eda. Fuente: Reuters<\/p>\n","protected":false},"author":1,"featured_media":205971,"comment_status":"open","ping_status":"open","sticky":false,"template":"","format":"standard","meta":[],"categories":[31,37],"tags":[],"_links":{"self":[{"href":"https:\/\/www.ecuadortimes.net\/es\/wp-json\/wp\/v2\/posts\/205970"}],"collection":[{"href":"https:\/\/www.ecuadortimes.net\/es\/wp-json\/wp\/v2\/posts"}],"about":[{"href":"https:\/\/www.ecuadortimes.net\/es\/wp-json\/wp\/v2\/types\/post"}],"author":[{"embeddable":true,"href":"https:\/\/www.ecuadortimes.net\/es\/wp-json\/wp\/v2\/users\/1"}],"replies":[{"embeddable":true,"href":"https:\/\/www.ecuadortimes.net\/es\/wp-json\/wp\/v2\/comments?post=205970"}],"version-history":[{"count":0,"href":"https:\/\/www.ecuadortimes.net\/es\/wp-json\/wp\/v2\/posts\/205970\/revisions"}],"wp:featuredmedia":[{"embeddable":true,"href":"https:\/\/www.ecuadortimes.net\/es\/wp-json\/wp\/v2\/media\/205971"}],"wp:attachment":[{"href":"https:\/\/www.ecuadortimes.net\/es\/wp-json\/wp\/v2\/media?parent=205970"}],"wp:term":[{"taxonomy":"category","embeddable":true,"href":"https:\/\/www.ecuadortimes.net\/es\/wp-json\/wp\/v2\/categories?post=205970"},{"taxonomy":"post_tag","embeddable":true,"href":"https:\/\/www.ecuadortimes.net\/es\/wp-json\/wp\/v2\/tags?post=205970"}],"curies":[{"name":"wp","href":"https:\/\/api.w.org\/{rel}","templated":true}]}}