{"id":207378,"date":"2011-07-06T00:00:00","date_gmt":"2011-07-06T00:00:00","guid":{"rendered":"https:\/\/www.ecuadortimes.net\/es\/30-s-contraloria-ecuatoriana-multo-a-105-policias\/"},"modified":"2011-07-06T00:00:00","modified_gmt":"2011-07-06T00:00:00","slug":"30-s-contraloria-ecuatoriana-multo-a-105-policias","status":"publish","type":"post","link":"https:\/\/www.ecuadortimes.net\/es\/30-s-contraloria-ecuatoriana-multo-a-105-policias\/","title":{"rendered":"30-S: Contralor\u00eda ecuatoriana mult\u00f3 a 105 polic\u00edas"},"content":{"rendered":"<div id=\"attachment_33065\" style=\"width: 311px\" class=\"wp-caption alignright\"><a href=\"http:\/\/www.ecuadortimes.net\/es\/2011\/07\/06\/30-s-contraloria-ecuatoriana-multo-a-105-policias\/ecuador-4\/\" rel=\"attachment wp-att-33065\"><br \/>\n<img aria-describedby=\"caption-attachment-33065\" loading=\"lazy\" class=\"size-full wp-image-33065 \" title=\"Revuelta policial del 30 de septiembre\" src=\"http:\/\/media.ecuadortimes.net\/2011\/07\/Ecuador.jpg\" alt=\"Revuelta policial del 30 de septiembre\" width=\"301\" height=\"203\" \/><\/a><p id=\"caption-attachment-33065\" class=\"wp-caption-text\">Revuelta policial del 30 de septiembre<\/p><\/div>\n<p style=\"text-align: justify;\">104 polic\u00edas, implicados en la\u00a0<strong>revuelta policial<\/strong> ocurrida en\u00a0<strong>Ecuador<\/strong> el <strong>30 de septiembre (<a href=\"http:\/\/www.ecuadortimes.net\/es\/2011\/07\/02\/gobierno-pide-frenar-la-suspension-de-jueces-que-acusaron-a-tapia\/\" target=\"_blank\" rel=\"noopener noreferrer\">30-S<\/a>)<\/strong>, fueron notificados ayer que deber\u00e1n pagar\u00a0multas de entre 2.000 y 5.280 d\u00f3lares por una supuesta mala utilizaci\u00f3n de bienes p\u00fablicos. El Coronel <strong>C\u00e9sar Carri\u00f3n<\/strong> deber\u00e1 pagar 93.000 d\u00f3lares por da\u00f1os en el <strong>Hospital de la Polic\u00eda<\/strong>.<\/p>\n<p>Los polic\u00edas fueron informados que tienen un plazo de treinta d\u00edas para presentar sus argumentos de defensa ante la Contralor\u00eda. La Inspector\u00eda de la Polic\u00eda ser\u00e1 la encargada de hacer cumplir la disposici\u00f3n.<\/p>\n<p style=\"text-align: justify;\">La sanci\u00f3n se basa en un informe de la <strong>Contralor\u00eda General del Estado<\/strong> que estableci\u00f3 da\u00f1os en el Hospital de la Polic\u00eda, Regimiento Quito y en el \u00e1rea de bodega de armas. En ese informe tambi\u00e9n se acusa a los uniformados de haber utilizado motos, patrulleros y blindados durante la protesta contra el Gobierno.<\/p>\n<p>&nbsp;<\/p>\n<p>(FO)<\/p>\n","protected":false},"excerpt":{"rendered":"<p>104 polic\u00edas, implicados en la\u00a0revuelta policial ocurrida en\u00a0Ecuador el 30 de septiembre (30-S), fueron notificados ayer que deber\u00e1n pagar\u00a0multas de entre 2.000 y 5.280 d\u00f3lares por una supuesta mala utilizaci\u00f3n de bienes p\u00fablicos. El Coronel C\u00e9sar Carri\u00f3n deber\u00e1 pagar 93.000 d\u00f3lares por da\u00f1os en el Hospital de la Polic\u00eda. Los polic\u00edas fueron informados que tienen un plazo de treinta d\u00edas para presentar sus argumentos de defensa ante la Contralor\u00eda. La Inspector\u00eda de la Polic\u00eda ser\u00e1 la encargada de hacer cumplir la disposici\u00f3n. La sanci\u00f3n se basa en un informe de la Contralor\u00eda General del Estado que estableci\u00f3 da\u00f1os en el Hospital de la Polic\u00eda, Regimiento Quito y en el \u00e1rea de bodega de armas. En ese informe tambi\u00e9n se acusa a los uniformados de haber utilizado motos, patrulleros y blindados durante la protesta contra el Gobierno. &nbsp; (FO)<\/p>\n","protected":false},"author":1,"featured_media":207379,"comment_status":"open","ping_status":"open","sticky":false,"template":"","format":"standard","meta":[],"categories":[40,37],"tags":[],"_links":{"self":[{"href":"https:\/\/www.ecuadortimes.net\/es\/wp-json\/wp\/v2\/posts\/207378"}],"collection":[{"href":"https:\/\/www.ecuadortimes.net\/es\/wp-json\/wp\/v2\/posts"}],"about":[{"href":"https:\/\/www.ecuadortimes.net\/es\/wp-json\/wp\/v2\/types\/post"}],"author":[{"embeddable":true,"href":"https:\/\/www.ecuadortimes.net\/es\/wp-json\/wp\/v2\/users\/1"}],"replies":[{"embeddable":true,"href":"https:\/\/www.ecuadortimes.net\/es\/wp-json\/wp\/v2\/comments?post=207378"}],"version-history":[{"count":0,"href":"https:\/\/www.ecuadortimes.net\/es\/wp-json\/wp\/v2\/posts\/207378\/revisions"}],"wp:featuredmedia":[{"embeddable":true,"href":"https:\/\/www.ecuadortimes.net\/es\/wp-json\/wp\/v2\/media\/207379"}],"wp:attachment":[{"href":"https:\/\/www.ecuadortimes.net\/es\/wp-json\/wp\/v2\/media?parent=207378"}],"wp:term":[{"taxonomy":"category","embeddable":true,"href":"https:\/\/www.ecuadortimes.net\/es\/wp-json\/wp\/v2\/categories?post=207378"},{"taxonomy":"post_tag","embeddable":true,"href":"https:\/\/www.ecuadortimes.net\/es\/wp-json\/wp\/v2\/tags?post=207378"}],"curies":[{"name":"wp","href":"https:\/\/api.w.org\/{rel}","templated":true}]}}