{"id":207402,"date":"2011-07-07T00:00:00","date_gmt":"2011-07-07T00:00:00","guid":{"rendered":"https:\/\/www.ecuadortimes.net\/es\/incidentes-en-las-instalaciones-del-consejo-de-la-judicatura\/"},"modified":"2011-07-07T00:00:00","modified_gmt":"2011-07-07T00:00:00","slug":"incidentes-en-las-instalaciones-del-consejo-de-la-judicatura","status":"publish","type":"post","link":"https:\/\/www.ecuadortimes.net\/es\/incidentes-en-las-instalaciones-del-consejo-de-la-judicatura\/","title":{"rendered":"Incidentes en las instalaciones del Consejo de la Judicatura"},"content":{"rendered":"<p style=\"text-align: justify;\">&nbsp;<\/p>\n<div id=\"attachment_33283\" style=\"width: 362px\" class=\"wp-caption alignleft\"><a rel=\"attachment wp-att-33283\" href=\"http:\/\/www.ecuadortimes.net\/es\/2011\/07\/07\/incidentes-en-las-instalaciones-del-consejo-de-la-judicatura\/consejo-de-la-judicatura-2\/\"><img aria-describedby=\"caption-attachment-33283\" loading=\"lazy\" class=\"size-full wp-image-33283 \" title=\"Instalaciones del Consejo de la Judicatura\" src=\"http:\/\/media.ecuadortimes.net\/2011\/07\/Consejo-de-la-Judicatura1.jpg\" alt=\"Instalaciones del Consejo de la Judicatura\" width=\"352\" height=\"242\" \/><\/a><p id=\"caption-attachment-33283\" class=\"wp-caption-text\">Instalaciones del Consejo de la Judicatura<\/p><\/div>\n<p>Ayer, la presencia de un grupo de polic\u00edas custodiando el edificio del <strong>Consejo de la Judicatura<\/strong> (CJ), por disposici\u00f3n del Ministerio del Interior, provoc\u00f3 que el destituido presidente <a href=\"http:\/\/www.ecuadortimes.net\/es\/2011\/07\/05\/juez-suspende-a-benjamin-cevallos\/\">Benjam\u00edn Cevallos<\/a> forcejeara\u00a0con miembros de la escolta judicial para ingresar al edificio y a su anterior despacho.<\/p>\n<p style=\"text-align: justify;\">La tensi\u00f3n se increment\u00f3 cuando en los exteriores del edificio un grupo de manifestantes encabezado por Rodrigo Collahuazo, dirigente del seguro social campesino, afines al Gobierno, exig\u00eda la renuncia de todos los vocales de la Judicatura. Los forcejeos de los manifestantes con la polic\u00eda se extendieron por alrededor de quince minutos.<\/p>\n<p style=\"text-align: justify;\">Cuando la calma retorn\u00f3, alrededor de las 12:30, Jaramillo, acompa\u00f1ado por otros cuatro vocales, dio una rueda de prensa e inform\u00f3 que el regreso de Cevallos al cargo de presidente de la Judicatura es cuesti\u00f3n solo de horas. (FO)<\/p>\n<p>Fuente: Diario El Universo<\/p>\n","protected":false},"excerpt":{"rendered":"<p>&nbsp; Ayer, la presencia de un grupo de polic\u00edas custodiando el edificio del Consejo de la Judicatura (CJ), por disposici\u00f3n del Ministerio del Interior, provoc\u00f3 que el destituido presidente Benjam\u00edn Cevallos forcejeara\u00a0con miembros de la escolta judicial para ingresar al edificio y a su anterior despacho. La tensi\u00f3n se increment\u00f3 cuando en los exteriores del edificio un grupo de manifestantes encabezado por Rodrigo Collahuazo, dirigente del seguro social campesino, afines al Gobierno, exig\u00eda la renuncia de todos los vocales de la Judicatura. Los forcejeos de los manifestantes con la polic\u00eda se extendieron por alrededor de quince minutos. Cuando la calma retorn\u00f3, alrededor de las 12:30, Jaramillo, acompa\u00f1ado por otros cuatro vocales, dio una rueda de prensa e inform\u00f3 que el regreso de Cevallos al cargo de presidente de la Judicatura es cuesti\u00f3n solo de horas. (FO) Fuente: Diario El Universo<\/p>\n","protected":false},"author":1,"featured_media":207403,"comment_status":"open","ping_status":"open","sticky":false,"template":"","format":"standard","meta":[],"categories":[40,37],"tags":[],"_links":{"self":[{"href":"https:\/\/www.ecuadortimes.net\/es\/wp-json\/wp\/v2\/posts\/207402"}],"collection":[{"href":"https:\/\/www.ecuadortimes.net\/es\/wp-json\/wp\/v2\/posts"}],"about":[{"href":"https:\/\/www.ecuadortimes.net\/es\/wp-json\/wp\/v2\/types\/post"}],"author":[{"embeddable":true,"href":"https:\/\/www.ecuadortimes.net\/es\/wp-json\/wp\/v2\/users\/1"}],"replies":[{"embeddable":true,"href":"https:\/\/www.ecuadortimes.net\/es\/wp-json\/wp\/v2\/comments?post=207402"}],"version-history":[{"count":0,"href":"https:\/\/www.ecuadortimes.net\/es\/wp-json\/wp\/v2\/posts\/207402\/revisions"}],"wp:featuredmedia":[{"embeddable":true,"href":"https:\/\/www.ecuadortimes.net\/es\/wp-json\/wp\/v2\/media\/207403"}],"wp:attachment":[{"href":"https:\/\/www.ecuadortimes.net\/es\/wp-json\/wp\/v2\/media?parent=207402"}],"wp:term":[{"taxonomy":"category","embeddable":true,"href":"https:\/\/www.ecuadortimes.net\/es\/wp-json\/wp\/v2\/categories?post=207402"},{"taxonomy":"post_tag","embeddable":true,"href":"https:\/\/www.ecuadortimes.net\/es\/wp-json\/wp\/v2\/tags?post=207402"}],"curies":[{"name":"wp","href":"https:\/\/api.w.org\/{rel}","templated":true}]}}