{"id":207461,"date":"2011-07-11T00:00:00","date_gmt":"2011-07-11T00:00:00","guid":{"rendered":"https:\/\/www.ecuadortimes.net\/es\/jueza-suspende-aumento-de-tarifas-de-energia-electrica\/"},"modified":"2011-07-11T00:00:00","modified_gmt":"2011-07-11T00:00:00","slug":"jueza-suspende-aumento-de-tarifas-de-energia-electrica","status":"publish","type":"post","link":"https:\/\/www.ecuadortimes.net\/es\/jueza-suspende-aumento-de-tarifas-de-energia-electrica\/","title":{"rendered":"Jueza suspende aumento de tarifas de energ\u00eda el\u00e9ctrica"},"content":{"rendered":"<div id=\"attachment_33941\" style=\"width: 220px\" class=\"wp-caption alignleft\"><a href=\"http:\/\/www.ecuadortimes.net\/es\/2011\/07\/11\/jueza-suspende-aumento-de-tarifas-de-energia-electrica\/thumb-2\/\" rel=\"attachment wp-att-33941\"><img aria-describedby=\"caption-attachment-33941\" loading=\"lazy\" class=\"size-full wp-image-33941 \" title=\"Abdal\u00e1 Bucaram Pulley y su acci\u00f3n contra el alza de las tarifas el\u00e9ctricas\" src=\"http:\/\/media.ecuadortimes.net\/2011\/07\/thumb1.jpeg\" alt=\"Abdal\u00e1 Bucaram Pulley y su acci\u00f3n contra el alza de las tarifas el\u00e9ctricas\" width=\"210\" height=\"133\" \/><\/a><p id=\"caption-attachment-33941\" class=\"wp-caption-text\">Abdal\u00e1 Bucaram Pulley y su acci\u00f3n contra el alza de las tarifas el\u00e9ctricas<\/p><\/div>\n<p>Este lunes, la jueza decimocuarta de la Ni\u00f1ez y Adolescencia, Mariela Zunino, acept\u00f3 la acci\u00f3n de protecci\u00f3n en contra de la decisi\u00f3n del Consejo Nacional de Electrificaci\u00f3n (<strong><a href=\"http:\/\/www.ecuadortimes.net\/es\/2011\/06\/09\/dos-rubros-mas-subiran-en-las-planillas-electricas-en-ecuador\/\">Conelec<\/a><\/strong>) para aumentar el precio de las tarifas el\u00e9ctricas.<\/p>\n<p>El recurso fue interpuesto por el asamble\u00edsta por el Partido Roldosista Ecuatoriano (PRE) Abdal\u00e1 Bucaram Pulley. Con esta nueva perspectiva la jueza suspendi\u00f3 el proceso que hubiera permitido a Conelec cobrar el valor real del rubro a aquellos usuarios de energ\u00eda que superen los 500 kilovatios.<\/p>\n<p>De acuerdo con Bucaram, la medida aumentar\u00eda el incremento de las tarifas de energ\u00eda el\u00e9ctrica, de acuerdo con el plan de Conelec, los nuevos precios comenzar\u00edan el 1 de julio.\u00a0 (AV)<\/p>\n<p>Fuente: Diario El Universo<\/p>\n","protected":false},"excerpt":{"rendered":"<p>Este lunes, la jueza decimocuarta de la Ni\u00f1ez y Adolescencia, Mariela Zunino, acept\u00f3 la acci\u00f3n de protecci\u00f3n en contra de la decisi\u00f3n del Consejo Nacional de Electrificaci\u00f3n (Conelec) para aumentar el precio de las tarifas el\u00e9ctricas. El recurso fue interpuesto por el asamble\u00edsta por el Partido Roldosista Ecuatoriano (PRE) Abdal\u00e1 Bucaram Pulley. Con esta nueva perspectiva la jueza suspendi\u00f3 el proceso que hubiera permitido a Conelec cobrar el valor real del rubro a aquellos usuarios de energ\u00eda que superen los 500 kilovatios. De acuerdo con Bucaram, la medida aumentar\u00eda el incremento de las tarifas de energ\u00eda el\u00e9ctrica, de acuerdo con el plan de Conelec, los nuevos precios comenzar\u00edan el 1 de julio.\u00a0 (AV) Fuente: Diario El Universo<\/p>\n","protected":false},"author":1,"featured_media":207462,"comment_status":"open","ping_status":"open","sticky":false,"template":"","format":"standard","meta":[],"categories":[41,37],"tags":[],"_links":{"self":[{"href":"https:\/\/www.ecuadortimes.net\/es\/wp-json\/wp\/v2\/posts\/207461"}],"collection":[{"href":"https:\/\/www.ecuadortimes.net\/es\/wp-json\/wp\/v2\/posts"}],"about":[{"href":"https:\/\/www.ecuadortimes.net\/es\/wp-json\/wp\/v2\/types\/post"}],"author":[{"embeddable":true,"href":"https:\/\/www.ecuadortimes.net\/es\/wp-json\/wp\/v2\/users\/1"}],"replies":[{"embeddable":true,"href":"https:\/\/www.ecuadortimes.net\/es\/wp-json\/wp\/v2\/comments?post=207461"}],"version-history":[{"count":0,"href":"https:\/\/www.ecuadortimes.net\/es\/wp-json\/wp\/v2\/posts\/207461\/revisions"}],"wp:featuredmedia":[{"embeddable":true,"href":"https:\/\/www.ecuadortimes.net\/es\/wp-json\/wp\/v2\/media\/207462"}],"wp:attachment":[{"href":"https:\/\/www.ecuadortimes.net\/es\/wp-json\/wp\/v2\/media?parent=207461"}],"wp:term":[{"taxonomy":"category","embeddable":true,"href":"https:\/\/www.ecuadortimes.net\/es\/wp-json\/wp\/v2\/categories?post=207461"},{"taxonomy":"post_tag","embeddable":true,"href":"https:\/\/www.ecuadortimes.net\/es\/wp-json\/wp\/v2\/tags?post=207461"}],"curies":[{"name":"wp","href":"https:\/\/api.w.org\/{rel}","templated":true}]}}