{"id":207465,"date":"2011-07-12T00:00:00","date_gmt":"2011-07-12T00:00:00","guid":{"rendered":"https:\/\/www.ecuadortimes.net\/es\/julian-beever-el-picasso-del-pavimento-empezo-a-pintar-en-guayaquil\/"},"modified":"2011-07-12T00:00:00","modified_gmt":"2011-07-12T00:00:00","slug":"julian-beever-el-picasso-del-pavimento-empezo-a-pintar-en-guayaquil","status":"publish","type":"post","link":"https:\/\/www.ecuadortimes.net\/es\/julian-beever-el-picasso-del-pavimento-empezo-a-pintar-en-guayaquil\/","title":{"rendered":"Julian Beever &#8220;El Picasso del Pavimento&#8221; empez\u00f3 a pintar en Guayaquil"},"content":{"rendered":"<div id=\"attachment_33971\" style=\"width: 250px\" class=\"wp-caption alignright\"><a href=\"http:\/\/www.ecuadortimes.net\/es\/2011\/07\/12\/%e2%80%98picasso-del-pavimento%e2%80%99-ya-pinta-en-guayaquil\/beever-2\/\" rel=\"attachment wp-att-33971\"><img aria-describedby=\"caption-attachment-33971\" loading=\"lazy\" class=\"size-medium wp-image-33971 \" src=\"http:\/\/media.ecuadortimes.net\/2011\/07\/beever1-300x244.png\" alt=\"\u0098Picasso del pavimento\u0099 ya pinta en Guayaquil\" width=\"240\" height=\"195\" \/><\/a><p id=\"caption-attachment-33971\" class=\"wp-caption-text\">\u0098Picasso del pavimento\u0099 ya pinta en Guayaquil<\/p><\/div>\n<p>El artista brit\u00e1nico Julian Beever, m\u00e1s conocido como el &#8220;<strong><a href=\"http:\/\/www.ecuadortimes.net\/2011\/06\/28\/\u00b4pavement-picasso\u0099-will-bring-his-art-to-guayaquil\/\">Picasso del Pavimento<\/a>&#8220;<\/strong>, empez\u00f3 ayer sus trabajos de la primera pintura tridimensional en plaza San Francisco de Guayaquil.<\/p>\n<p>Su lienzo es un espacio de 35 m2 (7&#215;5 mts.) en donde Beever pretende plasmar la imagen de un paisaje con rocas s\u00f3lidas y una cascada aplicando la t\u00e9cnica anamorfosis, que busca crear una ilusi\u00f3n \u00f3ptica jugando con las perspectivas, utilizando como \u00fanico instrumento una tiza seca adherida al cemento.<\/p>\n<p>Una vez finalizada la obra, se designar\u00e1 un espacio para que la gente pose y se tome fotos. Su intervenci\u00f3n art\u00edstica se efectuar\u00e1 hasta este viernes desde las 08:00 hasta las 18:00, seg\u00fan los organizadores, y los espectadores pueden apreciarla de forma gratuita. (BG)<\/p>\n<p>Fuente: Diario El Universo<\/p>\n","protected":false},"excerpt":{"rendered":"<p>El artista brit\u00e1nico Julian Beever, m\u00e1s conocido como el &#8220;Picasso del Pavimento&#8220;, empez\u00f3 ayer sus trabajos de la primera pintura tridimensional en plaza San Francisco de Guayaquil. Su lienzo es un espacio de 35 m2 (7&#215;5 mts.) en donde Beever pretende plasmar la imagen de un paisaje con rocas s\u00f3lidas y una cascada aplicando la t\u00e9cnica anamorfosis, que busca crear una ilusi\u00f3n \u00f3ptica jugando con las perspectivas, utilizando como \u00fanico instrumento una tiza seca adherida al cemento. Una vez finalizada la obra, se designar\u00e1 un espacio para que la gente pose y se tome fotos. Su intervenci\u00f3n art\u00edstica se efectuar\u00e1 hasta este viernes desde las 08:00 hasta las 18:00, seg\u00fan los organizadores, y los espectadores pueden apreciarla de forma gratuita. (BG) Fuente: Diario El Universo<\/p>\n","protected":false},"author":1,"featured_media":207466,"comment_status":"open","ping_status":"open","sticky":false,"template":"","format":"standard","meta":[],"categories":[35,37],"tags":[],"_links":{"self":[{"href":"https:\/\/www.ecuadortimes.net\/es\/wp-json\/wp\/v2\/posts\/207465"}],"collection":[{"href":"https:\/\/www.ecuadortimes.net\/es\/wp-json\/wp\/v2\/posts"}],"about":[{"href":"https:\/\/www.ecuadortimes.net\/es\/wp-json\/wp\/v2\/types\/post"}],"author":[{"embeddable":true,"href":"https:\/\/www.ecuadortimes.net\/es\/wp-json\/wp\/v2\/users\/1"}],"replies":[{"embeddable":true,"href":"https:\/\/www.ecuadortimes.net\/es\/wp-json\/wp\/v2\/comments?post=207465"}],"version-history":[{"count":0,"href":"https:\/\/www.ecuadortimes.net\/es\/wp-json\/wp\/v2\/posts\/207465\/revisions"}],"wp:featuredmedia":[{"embeddable":true,"href":"https:\/\/www.ecuadortimes.net\/es\/wp-json\/wp\/v2\/media\/207466"}],"wp:attachment":[{"href":"https:\/\/www.ecuadortimes.net\/es\/wp-json\/wp\/v2\/media?parent=207465"}],"wp:term":[{"taxonomy":"category","embeddable":true,"href":"https:\/\/www.ecuadortimes.net\/es\/wp-json\/wp\/v2\/categories?post=207465"},{"taxonomy":"post_tag","embeddable":true,"href":"https:\/\/www.ecuadortimes.net\/es\/wp-json\/wp\/v2\/tags?post=207465"}],"curies":[{"name":"wp","href":"https:\/\/api.w.org\/{rel}","templated":true}]}}