{"id":207471,"date":"2011-07-12T00:00:00","date_gmt":"2011-07-12T00:00:00","guid":{"rendered":"https:\/\/www.ecuadortimes.net\/es\/copa-america-antonio-valencia-no-jugara-contra-brasil\/"},"modified":"2011-07-12T00:00:00","modified_gmt":"2011-07-12T00:00:00","slug":"copa-america-antonio-valencia-no-jugara-contra-brasil","status":"publish","type":"post","link":"https:\/\/www.ecuadortimes.net\/es\/copa-america-antonio-valencia-no-jugara-contra-brasil\/","title":{"rendered":"Copa Am\u00e9rica: Antonio Valencia no jugar\u00e1 contra Brasil"},"content":{"rendered":"<div id=\"attachment_34044\" style=\"width: 220px\" class=\"wp-caption alignright\"><a href=\"http:\/\/www.ecuadortimes.net\/es\/2011\/07\/12\/copa-america-antonio-valencia-no-jugara-contra-brasil\/331341-2\/\" rel=\"attachment wp-att-34044\"><img aria-describedby=\"caption-attachment-34044\" loading=\"lazy\" class=\"size-medium wp-image-34044 \" title=\"Antonio Valencia no jugar\u00e1 contra Brasil por lesi\u00f3n\" src=\"http:\/\/media.ecuadortimes.net\/2011\/07\/3313411-300x214.jpg\" alt=\"Antonio Valencia no jugar\u00e1 contra Brasil por lesi\u00f3n\" width=\"210\" height=\"150\" \/><\/a><p id=\"caption-attachment-34044\" class=\"wp-caption-text\">Antonio Valencia no jugar\u00e1 contra Brasil por lesi\u00f3n<\/p><\/div>\n<p>El volante <strong><a href=\"http:\/\/www.ecuadortimes.net\/es\/2011\/07\/03\/copa-america-ecuador-y-paraguay-empatan-0-0\/\">Antonio Valencia<\/a><\/strong> no jugar\u00eda contra Brasil en la Copa Am\u00e9rica despu\u00e9s del encuentro entre Ecuador y Uruguay (0-0). Durante el partido Valencia sufri\u00f3 un golpe en su tobillo izquierdo, el mismo que se fracturo en septiembre de 2010 mientras jugaba para el Manchester United.<\/p>\n<p>Patricio Maldonado, el doctor de la selecci\u00f3n, inform\u00f3 a la prensa que el dolor y la inflamaci\u00f3n del tobillo de Valencia no han disminuido. Por esta raz\u00f3n el famoso jugador no podr\u00e1 jugar contra Brasil en el pr\u00f3ximo encuentro de la Copa Am\u00e9rica.<\/p>\n<p>La selecci\u00f3n ecuatoriana es el \u00faltimo equipo del grupo B y deber\u00e1 derrotar a Brasil para llegar a los cuartos de final del campeonato. Mientras Valencia no deje de sentir malestar en su tobillo izquierdo permanecer\u00e1 en la banca. (AV)<\/p>\n<p>Fuente: AFP-EFE<\/p>\n","protected":false},"excerpt":{"rendered":"<p>El volante Antonio Valencia no jugar\u00eda contra Brasil en la Copa Am\u00e9rica despu\u00e9s del encuentro entre Ecuador y Uruguay (0-0). Durante el partido Valencia sufri\u00f3 un golpe en su tobillo izquierdo, el mismo que se fracturo en septiembre de 2010 mientras jugaba para el Manchester United. Patricio Maldonado, el doctor de la selecci\u00f3n, inform\u00f3 a la prensa que el dolor y la inflamaci\u00f3n del tobillo de Valencia no han disminuido. Por esta raz\u00f3n el famoso jugador no podr\u00e1 jugar contra Brasil en el pr\u00f3ximo encuentro de la Copa Am\u00e9rica. La selecci\u00f3n ecuatoriana es el \u00faltimo equipo del grupo B y deber\u00e1 derrotar a Brasil para llegar a los cuartos de final del campeonato. Mientras Valencia no deje de sentir malestar en su tobillo izquierdo permanecer\u00e1 en la banca. (AV) Fuente: AFP-EFE<\/p>\n","protected":false},"author":1,"featured_media":207472,"comment_status":"open","ping_status":"open","sticky":false,"template":"","format":"standard","meta":[],"categories":[38,37],"tags":[],"_links":{"self":[{"href":"https:\/\/www.ecuadortimes.net\/es\/wp-json\/wp\/v2\/posts\/207471"}],"collection":[{"href":"https:\/\/www.ecuadortimes.net\/es\/wp-json\/wp\/v2\/posts"}],"about":[{"href":"https:\/\/www.ecuadortimes.net\/es\/wp-json\/wp\/v2\/types\/post"}],"author":[{"embeddable":true,"href":"https:\/\/www.ecuadortimes.net\/es\/wp-json\/wp\/v2\/users\/1"}],"replies":[{"embeddable":true,"href":"https:\/\/www.ecuadortimes.net\/es\/wp-json\/wp\/v2\/comments?post=207471"}],"version-history":[{"count":0,"href":"https:\/\/www.ecuadortimes.net\/es\/wp-json\/wp\/v2\/posts\/207471\/revisions"}],"wp:featuredmedia":[{"embeddable":true,"href":"https:\/\/www.ecuadortimes.net\/es\/wp-json\/wp\/v2\/media\/207472"}],"wp:attachment":[{"href":"https:\/\/www.ecuadortimes.net\/es\/wp-json\/wp\/v2\/media?parent=207471"}],"wp:term":[{"taxonomy":"category","embeddable":true,"href":"https:\/\/www.ecuadortimes.net\/es\/wp-json\/wp\/v2\/categories?post=207471"},{"taxonomy":"post_tag","embeddable":true,"href":"https:\/\/www.ecuadortimes.net\/es\/wp-json\/wp\/v2\/tags?post=207471"}],"curies":[{"name":"wp","href":"https:\/\/api.w.org\/{rel}","templated":true}]}}