{"id":207475,"date":"2011-07-12T00:00:00","date_gmt":"2011-07-12T00:00:00","guid":{"rendered":"https:\/\/www.ecuadortimes.net\/es\/paciente-que-recibio-transplante-de-piernas-podria-caminar-en-6-meses\/"},"modified":"2011-07-12T00:00:00","modified_gmt":"2011-07-12T00:00:00","slug":"paciente-que-recibio-transplante-de-piernas-podria-caminar-en-6-meses","status":"publish","type":"post","link":"https:\/\/www.ecuadortimes.net\/es\/paciente-que-recibio-transplante-de-piernas-podria-caminar-en-6-meses\/","title":{"rendered":"Paciente que recibi\u00f3 transplante de piernas podr\u00eda caminar en 6 meses"},"content":{"rendered":"<p style=\"text-align: justify;\">El hombre de entre 20 y 30 a\u00f1os que recibi\u00f3 el primer transplante de ambas piernas en el mundo podr\u00eda caminar en un lapso de seis o siete meses, as\u00ed lo indic\u00f3 el doctor Pedro Cadavas, quien realiz\u00f3 la cirug\u00eda que dur\u00f3 al rededor de diez horas en el hospital La Fe de Valencia.<\/p>\n<p style=\"text-align: justify;\">El joven perdi\u00f3 sus extremidades a consecuencia de un accidente automovil\u00edstico, sufri\u00f3 una amputaci\u00f3n traum\u00e1tica de ambas piernas por encima de la rodilla: en la derecha por encima del f\u00e9mur y en la izquierda, en el tercio discal de ese hueso. Seg\u00fan Cavadas, estaba &#8220;relegado a una silla de ruedas&#8221; y sus posibilidades de caminar &#8220;eran cero&#8221;, ya que no pod\u00eda adaptar pr\u00f3tesis por motivos t\u00e9cnicos y anat\u00f3micos.<\/p>\n<p style=\"text-align: justify;\">&#8220;El paciente est\u00e1 despierto desde ayer por la tarde y contento como Dios, se puso a llorar cuando vio las piernas&#8221;, afirm\u00f3 el cirujano pl\u00e1stico. &#8220;Yo imagino que ser\u00e1 capaz de caminar con muletas, imagino que a largo plazo ser\u00e1 incluso capaz de dejar las muletas, pero todo esto ya depende de como discurra la rehabilitaci\u00f3n, si va todo como esperamos ser\u00eda realista pensar que en seis, siete meses podr\u00eda estar caminando&#8221;, agreg\u00f3.<\/p>\n<div>\n<p style=\"text-align: justify;\" dir=\"ltr\">Seg\u00fan Cadavas, el paciente deber\u00eda mover las rodillas en tres semanas, en dos meses tendr\u00eda que ser capaz de caminar en piscina y en tres meses de aguantar su peso. El joven tardar\u00e1 a\u00fan meses en tener sensibilidad en la planta del pie, aunque &#8220;si va todo como pensamos en seis o siete meses podr\u00eda estar caminando&#8221;, explic\u00f3 el cirujano. &#8220;El caso va bien&#8221; y el paciente &#8220;est\u00e1 encantado de la vida y para salir de UCI (unidad de cuidados intensivos) en breve&#8221;. Seg\u00fan Cavadas, despu\u00e9s de la operaci\u00f3n quir\u00fargica &#8220;viene un esfuerzo rehabilitador descomunal a lo largo de los a\u00f1os, que terminar\u00e1 con un paciente caminando y beneficiado con lo que hemos hecho&#8221;.<\/p>\n<p style=\"text-align: justify;\" dir=\"ltr\">(MS)<\/p>\n<p style=\"text-align: justify;\" dir=\"ltr\">Fuente: AFP, EFE<\/p>\n<\/div>\n","protected":false},"excerpt":{"rendered":"<p>El hombre de entre 20 y 30 a\u00f1os que recibi\u00f3 el primer transplante de ambas piernas en el mundo podr\u00eda caminar en un lapso de seis o siete meses, as\u00ed lo indic\u00f3 el doctor Pedro Cadavas, quien realiz\u00f3 la cirug\u00eda que dur\u00f3 al rededor de diez horas en el hospital La Fe de Valencia. El joven perdi\u00f3 sus extremidades a consecuencia de un accidente automovil\u00edstico, sufri\u00f3 una amputaci\u00f3n traum\u00e1tica de ambas piernas por encima de la rodilla: en la derecha por encima del f\u00e9mur y en la izquierda, en el tercio discal de ese hueso. Seg\u00fan Cavadas, estaba &#8220;relegado a una silla de ruedas&#8221; y sus posibilidades de caminar &#8220;eran cero&#8221;, ya que no pod\u00eda adaptar pr\u00f3tesis por motivos t\u00e9cnicos y anat\u00f3micos. &#8220;El paciente est\u00e1 despierto desde ayer por la tarde y contento como Dios, se puso a llorar cuando vio las piernas&#8221;, afirm\u00f3 el cirujano pl\u00e1stico. &#8220;Yo imagino que ser\u00e1 capaz de caminar con muletas, imagino que a largo plazo ser\u00e1 incluso capaz de dejar las muletas, pero todo esto ya depende de como discurra la rehabilitaci\u00f3n, si va todo como esperamos ser\u00eda realista pensar que en seis, siete meses podr\u00eda estar caminando&#8221;, agreg\u00f3. Seg\u00fan Cadavas, el paciente deber\u00eda mover las rodillas en tres semanas, en dos meses tendr\u00eda que ser capaz de caminar en piscina y en tres meses de aguantar su peso. El joven tardar\u00e1 a\u00fan meses en tener sensibilidad en la planta del pie, aunque &#8220;si va todo como pensamos en seis o siete meses podr\u00eda estar caminando&#8221;, explic\u00f3 el cirujano. &#8220;El caso va bien&#8221; y el paciente &#8220;est\u00e1 encantado de la vida y para salir de UCI (unidad de cuidados intensivos) en breve&#8221;. Seg\u00fan Cavadas, despu\u00e9s de la operaci\u00f3n quir\u00fargica &#8220;viene un esfuerzo rehabilitador descomunal a lo largo de los a\u00f1os, que terminar\u00e1 con un paciente caminando y beneficiado con lo que hemos hecho&#8221;. (MS) Fuente: AFP, EFE<\/p>\n","protected":false},"author":1,"featured_media":207476,"comment_status":"open","ping_status":"open","sticky":false,"template":"","format":"standard","meta":[],"categories":[31,37],"tags":[],"_links":{"self":[{"href":"https:\/\/www.ecuadortimes.net\/es\/wp-json\/wp\/v2\/posts\/207475"}],"collection":[{"href":"https:\/\/www.ecuadortimes.net\/es\/wp-json\/wp\/v2\/posts"}],"about":[{"href":"https:\/\/www.ecuadortimes.net\/es\/wp-json\/wp\/v2\/types\/post"}],"author":[{"embeddable":true,"href":"https:\/\/www.ecuadortimes.net\/es\/wp-json\/wp\/v2\/users\/1"}],"replies":[{"embeddable":true,"href":"https:\/\/www.ecuadortimes.net\/es\/wp-json\/wp\/v2\/comments?post=207475"}],"version-history":[{"count":0,"href":"https:\/\/www.ecuadortimes.net\/es\/wp-json\/wp\/v2\/posts\/207475\/revisions"}],"wp:featuredmedia":[{"embeddable":true,"href":"https:\/\/www.ecuadortimes.net\/es\/wp-json\/wp\/v2\/media\/207476"}],"wp:attachment":[{"href":"https:\/\/www.ecuadortimes.net\/es\/wp-json\/wp\/v2\/media?parent=207475"}],"wp:term":[{"taxonomy":"category","embeddable":true,"href":"https:\/\/www.ecuadortimes.net\/es\/wp-json\/wp\/v2\/categories?post=207475"},{"taxonomy":"post_tag","embeddable":true,"href":"https:\/\/www.ecuadortimes.net\/es\/wp-json\/wp\/v2\/tags?post=207475"}],"curies":[{"name":"wp","href":"https:\/\/api.w.org\/{rel}","templated":true}]}}