{"id":207477,"date":"2011-07-12T00:00:00","date_gmt":"2011-07-12T00:00:00","guid":{"rendered":"https:\/\/www.ecuadortimes.net\/es\/restos-de-facundo-cabral-ya-fueron-repatriados\/"},"modified":"2011-07-12T00:00:00","modified_gmt":"2011-07-12T00:00:00","slug":"restos-de-facundo-cabral-ya-fueron-repatriados","status":"publish","type":"post","link":"https:\/\/www.ecuadortimes.net\/es\/restos-de-facundo-cabral-ya-fueron-repatriados\/","title":{"rendered":"Restos de Facundo Cabral ya fueron repatriados"},"content":{"rendered":"<div>\n<p id=\"internal-source-marker_0.7498577565420419\" style=\"text-align: justify;\" dir=\"ltr\">Los restos del cantante argentino Facundo Cabral, quien fue asesinado a tiros en la madrugada del s\u00e1bado por un grupo de sicarios que atacaron el veh\u00edculo en el que viajaba por la capital de Guatemala, llegaron hoy al sector militar del aeropuerto Jorge Newbery de Buenos Aires en un avi\u00f3n de la Fuerza A\u00e9rea de M\u00e9xico.<\/p>\n<p style=\"text-align: justify;\" dir=\"ltr\">El cuerpo de Cabral ser\u00e1 velado en un peque\u00f1o teatro ND Ateneo de Buenos Aires y posteriormente ser\u00e1 llevado al cementerio Chacarita para ser cremado como \u00e9l quer\u00eda, inform\u00f3 su viuda Silvia Pousa.<\/p>\n<p style=\"text-align: justify;\" dir=\"ltr\">(MS)<\/p>\n<p style=\"text-align: justify;\" dir=\"ltr\">Fuente: EFE<\/p>\n<\/div>\n","protected":false},"excerpt":{"rendered":"<p>Los restos del cantante argentino Facundo Cabral, quien fue asesinado a tiros en la madrugada del s\u00e1bado por un grupo de sicarios que atacaron el veh\u00edculo en el que viajaba por la capital de Guatemala, llegaron hoy al sector militar del aeropuerto Jorge Newbery de Buenos Aires en un avi\u00f3n de la Fuerza A\u00e9rea de M\u00e9xico. El cuerpo de Cabral ser\u00e1 velado en un peque\u00f1o teatro ND Ateneo de Buenos Aires y posteriormente ser\u00e1 llevado al cementerio Chacarita para ser cremado como \u00e9l quer\u00eda, inform\u00f3 su viuda Silvia Pousa. (MS) Fuente: EFE<\/p>\n","protected":false},"author":1,"featured_media":207478,"comment_status":"open","ping_status":"open","sticky":false,"template":"","format":"standard","meta":[],"categories":[36,37],"tags":[],"_links":{"self":[{"href":"https:\/\/www.ecuadortimes.net\/es\/wp-json\/wp\/v2\/posts\/207477"}],"collection":[{"href":"https:\/\/www.ecuadortimes.net\/es\/wp-json\/wp\/v2\/posts"}],"about":[{"href":"https:\/\/www.ecuadortimes.net\/es\/wp-json\/wp\/v2\/types\/post"}],"author":[{"embeddable":true,"href":"https:\/\/www.ecuadortimes.net\/es\/wp-json\/wp\/v2\/users\/1"}],"replies":[{"embeddable":true,"href":"https:\/\/www.ecuadortimes.net\/es\/wp-json\/wp\/v2\/comments?post=207477"}],"version-history":[{"count":0,"href":"https:\/\/www.ecuadortimes.net\/es\/wp-json\/wp\/v2\/posts\/207477\/revisions"}],"wp:featuredmedia":[{"embeddable":true,"href":"https:\/\/www.ecuadortimes.net\/es\/wp-json\/wp\/v2\/media\/207478"}],"wp:attachment":[{"href":"https:\/\/www.ecuadortimes.net\/es\/wp-json\/wp\/v2\/media?parent=207477"}],"wp:term":[{"taxonomy":"category","embeddable":true,"href":"https:\/\/www.ecuadortimes.net\/es\/wp-json\/wp\/v2\/categories?post=207477"},{"taxonomy":"post_tag","embeddable":true,"href":"https:\/\/www.ecuadortimes.net\/es\/wp-json\/wp\/v2\/tags?post=207477"}],"curies":[{"name":"wp","href":"https:\/\/api.w.org\/{rel}","templated":true}]}}