{"id":207483,"date":"2011-07-13T00:00:00","date_gmt":"2011-07-13T00:00:00","guid":{"rendered":"https:\/\/www.ecuadortimes.net\/es\/copa-america-uruguay-avanza-a-los-cuartos-de-final\/"},"modified":"2011-07-13T00:00:00","modified_gmt":"2011-07-13T00:00:00","slug":"copa-america-uruguay-avanza-a-los-cuartos-de-final","status":"publish","type":"post","link":"https:\/\/www.ecuadortimes.net\/es\/copa-america-uruguay-avanza-a-los-cuartos-de-final\/","title":{"rendered":"Copa Am\u00e9rica: Uruguay avanza a los cuartos de final"},"content":{"rendered":"<div id=\"attachment_34128\" style=\"width: 220px\" class=\"wp-caption alignleft\"><a href=\"http:\/\/www.ecuadortimes.net\/es\/2011\/07\/13\/copa-america-uruguay-avanza-a-los-cuartos-de-final\/diego-forlan-uruaguy-copa-america-2011-2-2\/\" rel=\"attachment wp-att-34128\"><img aria-describedby=\"caption-attachment-34128\" loading=\"lazy\" class=\"size-medium wp-image-34128 \" title=\"Centro de Diego Forl\u00e1n permiti\u00f3 a Alvaro Pereira anotar el gol de la victoria contra M\u00e9xico\" src=\"http:\/\/media.ecuadortimes.net\/2011\/07\/diego-forlan-uruaguy-copa-america-2011-21-300x252.jpg\" alt=\"Centro de Diego Forl\u00e1n permiti\u00f3 a Alvaro Pereira anotar el gol de la victoria contra M\u00e9xico\" width=\"210\" height=\"176\" \/><\/a><p id=\"caption-attachment-34128\" class=\"wp-caption-text\">Centro de Diego Forl\u00e1n permiti\u00f3 a Alvaro Pereira anotar el gol de la victoria contra M\u00e9xico<\/p><\/div>\n<p>La noche del martes pasado la selecci\u00f3n uruguaya en la Copa Am\u00e9rica derrot\u00f3 a M\u00e9xico con un marcador de 1-0. El pr\u00f3ximo s\u00e1bado Uruguay jugar\u00e1 contra Argentina.<\/p>\n<p>Durante los primeros 14 minutos de juego, el jugador uruguayo, \u00c3\u0081lvaro Pereira, anot\u00f3 el gol de la victoria despu\u00e9s de que el portero mexicano, Luis Michel, fall\u00f3 en atrapar el esf\u00e9rico. Pereira recibi\u00f3 un centro de su compa\u00f1ero Diego Forl\u00e1n.<\/p>\n<p>Con esta victoria, Uruguay consigui\u00f3 el segundo lugar en el <strong><a href=\"http:\/\/www.ecuadortimes.net\/es\/2011\/07\/05\/copa-america-chile-gano-y-tomo-control-del-grupo-c\/\">grupo C <\/a><\/strong>con cinco puntos, seguido por Chile quien derrot\u00f3 a Per\u00fa (1-0) temprano en ese d\u00eda. Uruguay venci\u00f3 a M\u00e9xico en el Estadio Capital en La Plata y m\u00e1s de cuarenta mil fan\u00e1ticos atendieron el partido. (AV)<\/p>\n<p>Fuente: Diario El Comercio<\/p>\n","protected":false},"excerpt":{"rendered":"<p>La noche del martes pasado la selecci\u00f3n uruguaya en la Copa Am\u00e9rica derrot\u00f3 a M\u00e9xico con un marcador de 1-0. El pr\u00f3ximo s\u00e1bado Uruguay jugar\u00e1 contra Argentina. Durante los primeros 14 minutos de juego, el jugador uruguayo, \u00c3\u0081lvaro Pereira, anot\u00f3 el gol de la victoria despu\u00e9s de que el portero mexicano, Luis Michel, fall\u00f3 en atrapar el esf\u00e9rico. Pereira recibi\u00f3 un centro de su compa\u00f1ero Diego Forl\u00e1n. Con esta victoria, Uruguay consigui\u00f3 el segundo lugar en el grupo C con cinco puntos, seguido por Chile quien derrot\u00f3 a Per\u00fa (1-0) temprano en ese d\u00eda. Uruguay venci\u00f3 a M\u00e9xico en el Estadio Capital en La Plata y m\u00e1s de cuarenta mil fan\u00e1ticos atendieron el partido. (AV) Fuente: Diario El Comercio<\/p>\n","protected":false},"author":1,"featured_media":207484,"comment_status":"open","ping_status":"open","sticky":false,"template":"","format":"standard","meta":[],"categories":[38,37],"tags":[],"_links":{"self":[{"href":"https:\/\/www.ecuadortimes.net\/es\/wp-json\/wp\/v2\/posts\/207483"}],"collection":[{"href":"https:\/\/www.ecuadortimes.net\/es\/wp-json\/wp\/v2\/posts"}],"about":[{"href":"https:\/\/www.ecuadortimes.net\/es\/wp-json\/wp\/v2\/types\/post"}],"author":[{"embeddable":true,"href":"https:\/\/www.ecuadortimes.net\/es\/wp-json\/wp\/v2\/users\/1"}],"replies":[{"embeddable":true,"href":"https:\/\/www.ecuadortimes.net\/es\/wp-json\/wp\/v2\/comments?post=207483"}],"version-history":[{"count":0,"href":"https:\/\/www.ecuadortimes.net\/es\/wp-json\/wp\/v2\/posts\/207483\/revisions"}],"wp:featuredmedia":[{"embeddable":true,"href":"https:\/\/www.ecuadortimes.net\/es\/wp-json\/wp\/v2\/media\/207484"}],"wp:attachment":[{"href":"https:\/\/www.ecuadortimes.net\/es\/wp-json\/wp\/v2\/media?parent=207483"}],"wp:term":[{"taxonomy":"category","embeddable":true,"href":"https:\/\/www.ecuadortimes.net\/es\/wp-json\/wp\/v2\/categories?post=207483"},{"taxonomy":"post_tag","embeddable":true,"href":"https:\/\/www.ecuadortimes.net\/es\/wp-json\/wp\/v2\/tags?post=207483"}],"curies":[{"name":"wp","href":"https:\/\/api.w.org\/{rel}","templated":true}]}}