{"id":207485,"date":"2011-07-13T00:00:00","date_gmt":"2011-07-13T00:00:00","guid":{"rendered":"https:\/\/www.ecuadortimes.net\/es\/a-chavez-le-podrian-aplicar-radio-o-quimioterapia\/"},"modified":"2011-07-13T00:00:00","modified_gmt":"2011-07-13T00:00:00","slug":"a-chavez-le-podrian-aplicar-radio-o-quimioterapia","status":"publish","type":"post","link":"https:\/\/www.ecuadortimes.net\/es\/a-chavez-le-podrian-aplicar-radio-o-quimioterapia\/","title":{"rendered":"A Ch\u00e1vez le podr\u00edan aplicar radio o quimioterapia"},"content":{"rendered":"<div>\n<p id=\"internal-source-marker_0.9995303293690085\" style=\"text-align: justify;\" dir=\"ltr\">El presidente venezolano Hugo Ch\u00e1vez anunci\u00f3 que est\u00e1 en la segunda etapa de su tratamiento para combatir el c\u00e1ncer.<\/p>\n<p style=\"text-align: justify;\" dir=\"ltr\">&#8220;A lo mejor en una tercera etapa (de tratamiento) se requerir\u00e1 la aplicaci\u00f3n de todos los m\u00e9todos que se conocen (&#8230;) pudiera ser radioterapia o quimioterapia para atacar duro, con caballer\u00eda, cualquier posibilidad latente que haya all\u00ed&#8221;, se\u00f1al\u00f3 Ch\u00e1vez en una conversaci\u00f3n telef\u00f3nica con la estatal Venezolana de Televisi\u00f3n.<\/p>\n<p style=\"text-align: justify;\" dir=\"ltr\">&#8220;Hace un mes fue la primera operaci\u00f3n (extracci\u00f3n de un absceso p\u00e9lvico) y el d\u00eda 20 de junio fue la otra&#8221;, se\u00f1al\u00f3 el jefe de Estado y resalt\u00f3 que el tumor canceroso extra\u00eddo en la segunda intervenci\u00f3n era del tama\u00f1o &#8220;de una pelota de b\u00e9isbol&#8221;.<\/p>\n<p style=\"text-align: justify;\" dir=\"ltr\">El mandatario dijo que no pod\u00eda dar m\u00e1s detalles sobre su tratamiento y que recibir\u00e1 indicaciones de sus m\u00e9dicos en la pr\u00f3ximas horas.<\/p>\n<p style=\"text-align: justify;\" dir=\"ltr\">(MS)<\/p>\n<p style=\"text-align: justify;\" dir=\"ltr\">Fuente: EFE<\/p>\n<\/div>\n","protected":false},"excerpt":{"rendered":"<p>El presidente venezolano Hugo Ch\u00e1vez anunci\u00f3 que est\u00e1 en la segunda etapa de su tratamiento para combatir el c\u00e1ncer. &#8220;A lo mejor en una tercera etapa (de tratamiento) se requerir\u00e1 la aplicaci\u00f3n de todos los m\u00e9todos que se conocen (&#8230;) pudiera ser radioterapia o quimioterapia para atacar duro, con caballer\u00eda, cualquier posibilidad latente que haya all\u00ed&#8221;, se\u00f1al\u00f3 Ch\u00e1vez en una conversaci\u00f3n telef\u00f3nica con la estatal Venezolana de Televisi\u00f3n. &#8220;Hace un mes fue la primera operaci\u00f3n (extracci\u00f3n de un absceso p\u00e9lvico) y el d\u00eda 20 de junio fue la otra&#8221;, se\u00f1al\u00f3 el jefe de Estado y resalt\u00f3 que el tumor canceroso extra\u00eddo en la segunda intervenci\u00f3n era del tama\u00f1o &#8220;de una pelota de b\u00e9isbol&#8221;. El mandatario dijo que no pod\u00eda dar m\u00e1s detalles sobre su tratamiento y que recibir\u00e1 indicaciones de sus m\u00e9dicos en la pr\u00f3ximas horas. (MS) Fuente: EFE<\/p>\n","protected":false},"author":1,"featured_media":207486,"comment_status":"open","ping_status":"open","sticky":false,"template":"","format":"standard","meta":[],"categories":[31,37],"tags":[],"_links":{"self":[{"href":"https:\/\/www.ecuadortimes.net\/es\/wp-json\/wp\/v2\/posts\/207485"}],"collection":[{"href":"https:\/\/www.ecuadortimes.net\/es\/wp-json\/wp\/v2\/posts"}],"about":[{"href":"https:\/\/www.ecuadortimes.net\/es\/wp-json\/wp\/v2\/types\/post"}],"author":[{"embeddable":true,"href":"https:\/\/www.ecuadortimes.net\/es\/wp-json\/wp\/v2\/users\/1"}],"replies":[{"embeddable":true,"href":"https:\/\/www.ecuadortimes.net\/es\/wp-json\/wp\/v2\/comments?post=207485"}],"version-history":[{"count":0,"href":"https:\/\/www.ecuadortimes.net\/es\/wp-json\/wp\/v2\/posts\/207485\/revisions"}],"wp:featuredmedia":[{"embeddable":true,"href":"https:\/\/www.ecuadortimes.net\/es\/wp-json\/wp\/v2\/media\/207486"}],"wp:attachment":[{"href":"https:\/\/www.ecuadortimes.net\/es\/wp-json\/wp\/v2\/media?parent=207485"}],"wp:term":[{"taxonomy":"category","embeddable":true,"href":"https:\/\/www.ecuadortimes.net\/es\/wp-json\/wp\/v2\/categories?post=207485"},{"taxonomy":"post_tag","embeddable":true,"href":"https:\/\/www.ecuadortimes.net\/es\/wp-json\/wp\/v2\/tags?post=207485"}],"curies":[{"name":"wp","href":"https:\/\/api.w.org\/{rel}","templated":true}]}}