{"id":207489,"date":"2011-07-13T00:00:00","date_gmt":"2011-07-13T00:00:00","guid":{"rendered":"https:\/\/www.ecuadortimes.net\/es\/los-resultados-del-referendum-son-oficiales\/"},"modified":"2011-07-13T00:00:00","modified_gmt":"2011-07-13T00:00:00","slug":"los-resultados-del-referendum-son-oficiales","status":"publish","type":"post","link":"https:\/\/www.ecuadortimes.net\/es\/los-resultados-del-referendum-son-oficiales\/","title":{"rendered":"Los resultados del refer\u00e9ndum son oficiales"},"content":{"rendered":"<p>Los resultados del refer\u00e9ndum y de la Consulta Popular, realizados el 7 de mayo pasado, fueron publicados este mi\u00e9rcoles 13 de julio de 2011 en el suplemento n\u00famero 490 del Registro Oficial.<\/p>\n<p>Los resultados fueron enviados a la Editora Nacional, quien se encarg\u00f3 de imprimir 1.000 ejemplares para ser distribuidos a escala nacional.<\/p>\n<p>Adicionalmente, la publicaci\u00f3n, que consta de 36 p\u00e1ginas, tambi\u00e9n se encuentra en la p\u00e1gina Web del organismo (<a href=\"http:\/\/www.registroficial.gob.ec\/\">www.registroficial.gob.ec<\/a>).<\/p>\n<p>La proclamaci\u00f3n realizada por el Consejo Nacional Electoral (CNE) confirm\u00f3 el triunfo del S\u00c3\u008d en las 10 preguntas de la Consulta Popular. (AV)<\/p>\n<p>Fuente:\u00a0elciudadano.gov.ec<\/p>\n","protected":false},"excerpt":{"rendered":"<p>Los resultados del refer\u00e9ndum y de la Consulta Popular, realizados el 7 de mayo pasado, fueron publicados este mi\u00e9rcoles 13 de julio de 2011 en el suplemento n\u00famero 490 del Registro Oficial. Los resultados fueron enviados a la Editora Nacional, quien se encarg\u00f3 de imprimir 1.000 ejemplares para ser distribuidos a escala nacional. Adicionalmente, la publicaci\u00f3n, que consta de 36 p\u00e1ginas, tambi\u00e9n se encuentra en la p\u00e1gina Web del organismo (www.registroficial.gob.ec). La proclamaci\u00f3n realizada por el Consejo Nacional Electoral (CNE) confirm\u00f3 el triunfo del S\u00c3\u008d en las 10 preguntas de la Consulta Popular. (AV) Fuente:\u00a0elciudadano.gov.ec<\/p>\n","protected":false},"author":1,"featured_media":207490,"comment_status":"open","ping_status":"open","sticky":false,"template":"","format":"standard","meta":[],"categories":[40,37],"tags":[],"_links":{"self":[{"href":"https:\/\/www.ecuadortimes.net\/es\/wp-json\/wp\/v2\/posts\/207489"}],"collection":[{"href":"https:\/\/www.ecuadortimes.net\/es\/wp-json\/wp\/v2\/posts"}],"about":[{"href":"https:\/\/www.ecuadortimes.net\/es\/wp-json\/wp\/v2\/types\/post"}],"author":[{"embeddable":true,"href":"https:\/\/www.ecuadortimes.net\/es\/wp-json\/wp\/v2\/users\/1"}],"replies":[{"embeddable":true,"href":"https:\/\/www.ecuadortimes.net\/es\/wp-json\/wp\/v2\/comments?post=207489"}],"version-history":[{"count":0,"href":"https:\/\/www.ecuadortimes.net\/es\/wp-json\/wp\/v2\/posts\/207489\/revisions"}],"wp:featuredmedia":[{"embeddable":true,"href":"https:\/\/www.ecuadortimes.net\/es\/wp-json\/wp\/v2\/media\/207490"}],"wp:attachment":[{"href":"https:\/\/www.ecuadortimes.net\/es\/wp-json\/wp\/v2\/media?parent=207489"}],"wp:term":[{"taxonomy":"category","embeddable":true,"href":"https:\/\/www.ecuadortimes.net\/es\/wp-json\/wp\/v2\/categories?post=207489"},{"taxonomy":"post_tag","embeddable":true,"href":"https:\/\/www.ecuadortimes.net\/es\/wp-json\/wp\/v2\/tags?post=207489"}],"curies":[{"name":"wp","href":"https:\/\/api.w.org\/{rel}","templated":true}]}}