{"id":207493,"date":"2011-07-13T00:00:00","date_gmt":"2011-07-13T00:00:00","guid":{"rendered":"https:\/\/www.ecuadortimes.net\/es\/un-ecuatoriano-es-escogido-para-conocer-al-papa\/"},"modified":"2011-07-13T00:00:00","modified_gmt":"2011-07-13T00:00:00","slug":"un-ecuatoriano-es-escogido-para-conocer-al-papa","status":"publish","type":"post","link":"https:\/\/www.ecuadortimes.net\/es\/un-ecuatoriano-es-escogido-para-conocer-al-papa\/","title":{"rendered":"Un ecuatoriano es escogido para conocer al Papa"},"content":{"rendered":"<div id=\"attachment_34181\" style=\"width: 136px\" class=\"wp-caption alignleft\"><a href=\"http:\/\/www.ecuadortimes.net\/es\/2011\/07\/13\/un-ecuatoriano-es-escogido-para-conocer-al-papa\/5934306691_3aa2e68822_m-2\/\" rel=\"attachment wp-att-34181\"><img aria-describedby=\"caption-attachment-34181\" loading=\"lazy\" class=\"size-full wp-image-34181 \" title=\"Juan Carlos Piedra Calder\u00f3n\" src=\"http:\/\/media.ecuadortimes.net\/2011\/07\/5934306691_3aa2e68822_m1.jpeg\" alt=\"Juan Carlos Piedra Calder\u00f3n\" width=\"126\" height=\"136\" \/><\/a><p id=\"caption-attachment-34181\" class=\"wp-caption-text\">Juan Carlos Piedra Calder\u00f3n<\/p><\/div>\n<p>En Madrid, Espa\u00f1a, m\u00e1s de tres mil ecuatorianos con edades entre los 15 y 35 a\u00f1os participaron junto a un mill\u00f3n de j\u00f3venes para asistir a la XXVI Jornada Mundial de la Juventud (JMJ 2011). <a href=\"http:\/\/wydcentral.org\/\">http:\/\/wydcentral.org\/<\/a><\/p>\n<p>Entre los mil ecuatorianos que participaron, Juan Carlos Piedra Calder\u00f3n, un ecuatoriano de la capital del Ecuador, fue escogido para participar en el evento. Ahora Juan Carlos Piedra asistir\u00e1 a una comida junto al Papa y once j\u00f3venes m\u00e1s en uno de los eventos de la Jornada Mundial de la Juventud.<\/p>\n<p>El evento ser\u00e1 celebrado en Madrid del 16 al 21 de agosto con la presencia del Papa Benedicto XVI. (AV)<\/p>\n<p>Fuente: elciudadano.gov.ec<\/p>\n","protected":false},"excerpt":{"rendered":"<p>En Madrid, Espa\u00f1a, m\u00e1s de tres mil ecuatorianos con edades entre los 15 y 35 a\u00f1os participaron junto a un mill\u00f3n de j\u00f3venes para asistir a la XXVI Jornada Mundial de la Juventud (JMJ 2011). http:\/\/wydcentral.org\/ Entre los mil ecuatorianos que participaron, Juan Carlos Piedra Calder\u00f3n, un ecuatoriano de la capital del Ecuador, fue escogido para participar en el evento. Ahora Juan Carlos Piedra asistir\u00e1 a una comida junto al Papa y once j\u00f3venes m\u00e1s en uno de los eventos de la Jornada Mundial de la Juventud. El evento ser\u00e1 celebrado en Madrid del 16 al 21 de agosto con la presencia del Papa Benedicto XVI. (AV) Fuente: elciudadano.gov.ec<\/p>\n","protected":false},"author":1,"featured_media":207494,"comment_status":"open","ping_status":"open","sticky":false,"template":"","format":"standard","meta":[],"categories":[35,37],"tags":[],"_links":{"self":[{"href":"https:\/\/www.ecuadortimes.net\/es\/wp-json\/wp\/v2\/posts\/207493"}],"collection":[{"href":"https:\/\/www.ecuadortimes.net\/es\/wp-json\/wp\/v2\/posts"}],"about":[{"href":"https:\/\/www.ecuadortimes.net\/es\/wp-json\/wp\/v2\/types\/post"}],"author":[{"embeddable":true,"href":"https:\/\/www.ecuadortimes.net\/es\/wp-json\/wp\/v2\/users\/1"}],"replies":[{"embeddable":true,"href":"https:\/\/www.ecuadortimes.net\/es\/wp-json\/wp\/v2\/comments?post=207493"}],"version-history":[{"count":0,"href":"https:\/\/www.ecuadortimes.net\/es\/wp-json\/wp\/v2\/posts\/207493\/revisions"}],"wp:featuredmedia":[{"embeddable":true,"href":"https:\/\/www.ecuadortimes.net\/es\/wp-json\/wp\/v2\/media\/207494"}],"wp:attachment":[{"href":"https:\/\/www.ecuadortimes.net\/es\/wp-json\/wp\/v2\/media?parent=207493"}],"wp:term":[{"taxonomy":"category","embeddable":true,"href":"https:\/\/www.ecuadortimes.net\/es\/wp-json\/wp\/v2\/categories?post=207493"},{"taxonomy":"post_tag","embeddable":true,"href":"https:\/\/www.ecuadortimes.net\/es\/wp-json\/wp\/v2\/tags?post=207493"}],"curies":[{"name":"wp","href":"https:\/\/api.w.org\/{rel}","templated":true}]}}