{"id":207495,"date":"2011-07-13T00:00:00","date_gmt":"2011-07-13T00:00:00","guid":{"rendered":"https:\/\/www.ecuadortimes.net\/es\/obama-bate-record-en-su-campana-para-el-2012\/"},"modified":"2011-07-13T00:00:00","modified_gmt":"2011-07-13T00:00:00","slug":"obama-bate-record-en-su-campana-para-el-2012","status":"publish","type":"post","link":"https:\/\/www.ecuadortimes.net\/es\/obama-bate-record-en-su-campana-para-el-2012\/","title":{"rendered":"Obama bate r\u00e9cord en su campa\u00f1a para el 2012"},"content":{"rendered":"<p style=\"text-align: justify;\">El presidente Barack\u00a0Obama recaud\u00f3 m\u00e1s de\u00a0$ 86 millones\u00a0para su campa\u00f1a de reelecci\u00f3n en el 2012, seg\u00fan un anunci\u00f3\u00a0transmitido por un\u00a0video mandado hoy por correo electr\u00f3nico a los partidarios del mandatario.<\/p>\n<p style=\"text-align: justify;\">Jim Messina,\u00a0la directora de campa\u00f1a, dijo que m\u00e1s de 260.000\u00a0de las\u00a0donaciones proced\u00edan de\u00a0donantes individuales\u00a0nuevos, que\u00a0no contribuyeron en la campa\u00f1a de 2008.<\/p>\n<p style=\"text-align: justify;\">Las contribuciones\u00a0reflejan\u00a0&#8220;que hay m\u00e1s apoyo popular en este punto\u00a0del proceso\u00a0que en cualquier campa\u00f1a\u00a0en la historia pol\u00edtica&#8221;, dijo\u00a0Messina, calific\u00e1ndolo como un\u00a0&#8220;logro monumental&#8221;.\u00a0Dijo que\u00a0el 98 por ciento\u00a0de las donaciones\u00a0fueron\u00a0de\u00a0$ 250 o menos. Obama anunci\u00f3 su\u00a0campa\u00f1a de reelecci\u00f3n\u00a0el 4 de abril.<\/p>\n<p>Fuente: CNN<\/p>\n","protected":false},"excerpt":{"rendered":"<p>El presidente Barack\u00a0Obama recaud\u00f3 m\u00e1s de\u00a0$ 86 millones\u00a0para su campa\u00f1a de reelecci\u00f3n en el 2012, seg\u00fan un anunci\u00f3\u00a0transmitido por un\u00a0video mandado hoy por correo electr\u00f3nico a los partidarios del mandatario. Jim Messina,\u00a0la directora de campa\u00f1a, dijo que m\u00e1s de 260.000\u00a0de las\u00a0donaciones proced\u00edan de\u00a0donantes individuales\u00a0nuevos, que\u00a0no contribuyeron en la campa\u00f1a de 2008. Las contribuciones\u00a0reflejan\u00a0&#8220;que hay m\u00e1s apoyo popular en este punto\u00a0del proceso\u00a0que en cualquier campa\u00f1a\u00a0en la historia pol\u00edtica&#8221;, dijo\u00a0Messina, calific\u00e1ndolo como un\u00a0&#8220;logro monumental&#8221;.\u00a0Dijo que\u00a0el 98 por ciento\u00a0de las donaciones\u00a0fueron\u00a0de\u00a0$ 250 o menos. Obama anunci\u00f3 su\u00a0campa\u00f1a de reelecci\u00f3n\u00a0el 4 de abril. Fuente: CNN<\/p>\n","protected":false},"author":1,"featured_media":207496,"comment_status":"open","ping_status":"open","sticky":false,"template":"","format":"standard","meta":[],"categories":[34,37],"tags":[],"_links":{"self":[{"href":"https:\/\/www.ecuadortimes.net\/es\/wp-json\/wp\/v2\/posts\/207495"}],"collection":[{"href":"https:\/\/www.ecuadortimes.net\/es\/wp-json\/wp\/v2\/posts"}],"about":[{"href":"https:\/\/www.ecuadortimes.net\/es\/wp-json\/wp\/v2\/types\/post"}],"author":[{"embeddable":true,"href":"https:\/\/www.ecuadortimes.net\/es\/wp-json\/wp\/v2\/users\/1"}],"replies":[{"embeddable":true,"href":"https:\/\/www.ecuadortimes.net\/es\/wp-json\/wp\/v2\/comments?post=207495"}],"version-history":[{"count":0,"href":"https:\/\/www.ecuadortimes.net\/es\/wp-json\/wp\/v2\/posts\/207495\/revisions"}],"wp:featuredmedia":[{"embeddable":true,"href":"https:\/\/www.ecuadortimes.net\/es\/wp-json\/wp\/v2\/media\/207496"}],"wp:attachment":[{"href":"https:\/\/www.ecuadortimes.net\/es\/wp-json\/wp\/v2\/media?parent=207495"}],"wp:term":[{"taxonomy":"category","embeddable":true,"href":"https:\/\/www.ecuadortimes.net\/es\/wp-json\/wp\/v2\/categories?post=207495"},{"taxonomy":"post_tag","embeddable":true,"href":"https:\/\/www.ecuadortimes.net\/es\/wp-json\/wp\/v2\/tags?post=207495"}],"curies":[{"name":"wp","href":"https:\/\/api.w.org\/{rel}","templated":true}]}}