{"id":207497,"date":"2011-07-13T00:00:00","date_gmt":"2011-07-13T00:00:00","guid":{"rendered":"https:\/\/www.ecuadortimes.net\/es\/tv-guatemalteca-difunde-videos-de-cabral-horas-antes-de-su-muerte\/"},"modified":"2011-07-13T00:00:00","modified_gmt":"2011-07-13T00:00:00","slug":"tv-guatemalteca-difunde-videos-de-cabral-horas-antes-de-su-muerte","status":"publish","type":"post","link":"https:\/\/www.ecuadortimes.net\/es\/tv-guatemalteca-difunde-videos-de-cabral-horas-antes-de-su-muerte\/","title":{"rendered":"Tv guatemalteca difunde videos de Cabral horas antes de su muerte"},"content":{"rendered":"<p>Desde esta ma\u00f1ana, medios televisivos guatemaltecos difundieron un video en el que aparece el cantautor argentino<strong><a href=\"http:\/\/www.ecuadortimes.net\/es\/2011\/07\/12\/restos-de-facundo-cabral-ya-fueron-repatriados\/\"> Facundo Cabral<\/a><\/strong> saliendo del hotel donde pas\u00f3 su \u00faltima noche en Ciudad de Guatemala, horas antes del atentado.<\/p>\n<p>Las im\u00e1genes de las c\u00e1maras de seguridad del hotel muestran el momento en el que el artista embarcaba el equipaje en un auto, mientras que \u00e9l y el empresario nicarag\u00fcense Henry Fari\u00f1a, se iban en otro veh\u00edculo, con rumbo al aeropuerto. Momentos m\u00e1s tarde, se puede ve a varios de los presuntos sicarios haciendo seguimiento al auto de Cabral.<\/p>\n<p>Otras im\u00e1genes obtenidas de las c\u00e1maras de seguridad de una estaci\u00f3n de bomberos pudieron capturar el instante en el que huyeron los homicidas despu\u00e9s del brutal ataque, seguido de la camioneta de los guardaespaldas de Cabral y Fari\u00f1as.<\/p>\n<p><a href=\"http:\/\/mexico.cnn.com\/videos\/2011\/07\/13\/revelan-nuevas-imagenes-del-caso-cabral\">http:\/\/mexico.cnn.com\/videos\/2011\/07\/13\/revelan-nuevas-imagenes-del-caso-cabral<\/a><\/p>\n<p>&nbsp;<\/p>\n<p>&nbsp;<\/p>\n<p>Fuente: ABC Internacional<\/p>\n","protected":false},"excerpt":{"rendered":"<p>Desde esta ma\u00f1ana, medios televisivos guatemaltecos difundieron un video en el que aparece el cantautor argentino Facundo Cabral saliendo del hotel donde pas\u00f3 su \u00faltima noche en Ciudad de Guatemala, horas antes del atentado. Las im\u00e1genes de las c\u00e1maras de seguridad del hotel muestran el momento en el que el artista embarcaba el equipaje en un auto, mientras que \u00e9l y el empresario nicarag\u00fcense Henry Fari\u00f1a, se iban en otro veh\u00edculo, con rumbo al aeropuerto. Momentos m\u00e1s tarde, se puede ve a varios de los presuntos sicarios haciendo seguimiento al auto de Cabral. Otras im\u00e1genes obtenidas de las c\u00e1maras de seguridad de una estaci\u00f3n de bomberos pudieron capturar el instante en el que huyeron los homicidas despu\u00e9s del brutal ataque, seguido de la camioneta de los guardaespaldas de Cabral y Fari\u00f1as. http:\/\/mexico.cnn.com\/videos\/2011\/07\/13\/revelan-nuevas-imagenes-del-caso-cabral &nbsp; &nbsp; Fuente: ABC Internacional<\/p>\n","protected":false},"author":1,"featured_media":207498,"comment_status":"open","ping_status":"open","sticky":false,"template":"","format":"standard","meta":[],"categories":[36,37],"tags":[],"_links":{"self":[{"href":"https:\/\/www.ecuadortimes.net\/es\/wp-json\/wp\/v2\/posts\/207497"}],"collection":[{"href":"https:\/\/www.ecuadortimes.net\/es\/wp-json\/wp\/v2\/posts"}],"about":[{"href":"https:\/\/www.ecuadortimes.net\/es\/wp-json\/wp\/v2\/types\/post"}],"author":[{"embeddable":true,"href":"https:\/\/www.ecuadortimes.net\/es\/wp-json\/wp\/v2\/users\/1"}],"replies":[{"embeddable":true,"href":"https:\/\/www.ecuadortimes.net\/es\/wp-json\/wp\/v2\/comments?post=207497"}],"version-history":[{"count":0,"href":"https:\/\/www.ecuadortimes.net\/es\/wp-json\/wp\/v2\/posts\/207497\/revisions"}],"wp:featuredmedia":[{"embeddable":true,"href":"https:\/\/www.ecuadortimes.net\/es\/wp-json\/wp\/v2\/media\/207498"}],"wp:attachment":[{"href":"https:\/\/www.ecuadortimes.net\/es\/wp-json\/wp\/v2\/media?parent=207497"}],"wp:term":[{"taxonomy":"category","embeddable":true,"href":"https:\/\/www.ecuadortimes.net\/es\/wp-json\/wp\/v2\/categories?post=207497"},{"taxonomy":"post_tag","embeddable":true,"href":"https:\/\/www.ecuadortimes.net\/es\/wp-json\/wp\/v2\/tags?post=207497"}],"curies":[{"name":"wp","href":"https:\/\/api.w.org\/{rel}","templated":true}]}}