{"id":207499,"date":"2011-07-14T00:00:00","date_gmt":"2011-07-14T00:00:00","guid":{"rendered":"https:\/\/www.ecuadortimes.net\/es\/demi-lovato-regresa-con-una-ballada-personal\/"},"modified":"2011-07-14T00:00:00","modified_gmt":"2011-07-14T00:00:00","slug":"demi-lovato-regresa-con-una-ballada-personal","status":"publish","type":"post","link":"https:\/\/www.ecuadortimes.net\/es\/demi-lovato-regresa-con-una-ballada-personal\/","title":{"rendered":"Demi Lovato regresa con una ballada personal"},"content":{"rendered":"<div id=\"attachment_34213\" style=\"width: 150px\" class=\"wp-caption alignright\"><a href=\"http:\/\/www.ecuadortimes.net\/es\/2011\/07\/14\/demi-lovato-regresa-con-una-ballada-personal\/dfgdg-2\/\" rel=\"attachment wp-att-34213\"><img aria-describedby=\"caption-attachment-34213\" loading=\"lazy\" class=\"size-medium wp-image-34213 \" src=\"http:\/\/media.ecuadortimes.net\/2011\/07\/dfgdg1-233x300.png\" alt=\"Demi Lovato regresa con una ballada personal\" width=\"140\" height=\"180\" \/><\/a><p id=\"caption-attachment-34213\" class=\"wp-caption-text\">Demi Lovato regresa con una ballada personal<\/p><\/div>\n<p>La cantante y actriz de Disney, Demi Lovato, estren\u00f3 hoy mundialmente su \u00faltimo video musical Skyscraper\u009d (Rascacielos), una canci\u00f3n muy personal que explica que a pesar de atravesar momentos oscuros de su vida, lucha diariamente por levantarse cada d\u00eda m\u00e1s alto; como un Rascacielo.<\/p>\n<p>En una entrevista con el presentador Ryan Seacrest, Demi dijo que no ten\u00eda intenciones de que su video sea solamente maquillaje y cabello, como tantos otros en estos d\u00edas. En su lugar, quer\u00eda transmitir el mensaje de la canci\u00f3n en la forma m\u00e1s honesta como sea posible.<\/p>\n<p>En esta entrevista, la cantante juvenil habl\u00f3 de su tiempo en rehabilitaci\u00f3n y los momentos dif\u00edciles que ha tenido al sobrellevar sus enfermedades (bipolaridad, desordenes alimenticios y depresi\u00f3n) \u00a0durante este tiempo. Lovato revel\u00f3 que la grabar la canci\u00f3n fue una experiencia bastante emocional y cat\u00e1rtica para ella.<\/p>\n<p><a href=\"http:\/\/www.youtube.com\/demilovato\">\u00a0http:\/\/www.youtube.com\/demilovato<\/a><\/p>\n<p>&nbsp;<\/p>\n<p>Fuente: \u00a0Eonline.com<\/p>\n","protected":false},"excerpt":{"rendered":"<p>La cantante y actriz de Disney, Demi Lovato, estren\u00f3 hoy mundialmente su \u00faltimo video musical Skyscraper\u009d (Rascacielos), una canci\u00f3n muy personal que explica que a pesar de atravesar momentos oscuros de su vida, lucha diariamente por levantarse cada d\u00eda m\u00e1s alto; como un Rascacielo. En una entrevista con el presentador Ryan Seacrest, Demi dijo que no ten\u00eda intenciones de que su video sea solamente maquillaje y cabello, como tantos otros en estos d\u00edas. En su lugar, quer\u00eda transmitir el mensaje de la canci\u00f3n en la forma m\u00e1s honesta como sea posible. En esta entrevista, la cantante juvenil habl\u00f3 de su tiempo en rehabilitaci\u00f3n y los momentos dif\u00edciles que ha tenido al sobrellevar sus enfermedades (bipolaridad, desordenes alimenticios y depresi\u00f3n) \u00a0durante este tiempo. Lovato revel\u00f3 que la grabar la canci\u00f3n fue una experiencia bastante emocional y cat\u00e1rtica para ella. \u00a0http:\/\/www.youtube.com\/demilovato &nbsp; Fuente: \u00a0Eonline.com<\/p>\n","protected":false},"author":1,"featured_media":207500,"comment_status":"open","ping_status":"open","sticky":false,"template":"","format":"standard","meta":[],"categories":[44,37],"tags":[],"_links":{"self":[{"href":"https:\/\/www.ecuadortimes.net\/es\/wp-json\/wp\/v2\/posts\/207499"}],"collection":[{"href":"https:\/\/www.ecuadortimes.net\/es\/wp-json\/wp\/v2\/posts"}],"about":[{"href":"https:\/\/www.ecuadortimes.net\/es\/wp-json\/wp\/v2\/types\/post"}],"author":[{"embeddable":true,"href":"https:\/\/www.ecuadortimes.net\/es\/wp-json\/wp\/v2\/users\/1"}],"replies":[{"embeddable":true,"href":"https:\/\/www.ecuadortimes.net\/es\/wp-json\/wp\/v2\/comments?post=207499"}],"version-history":[{"count":0,"href":"https:\/\/www.ecuadortimes.net\/es\/wp-json\/wp\/v2\/posts\/207499\/revisions"}],"wp:featuredmedia":[{"embeddable":true,"href":"https:\/\/www.ecuadortimes.net\/es\/wp-json\/wp\/v2\/media\/207500"}],"wp:attachment":[{"href":"https:\/\/www.ecuadortimes.net\/es\/wp-json\/wp\/v2\/media?parent=207499"}],"wp:term":[{"taxonomy":"category","embeddable":true,"href":"https:\/\/www.ecuadortimes.net\/es\/wp-json\/wp\/v2\/categories?post=207499"},{"taxonomy":"post_tag","embeddable":true,"href":"https:\/\/www.ecuadortimes.net\/es\/wp-json\/wp\/v2\/tags?post=207499"}],"curies":[{"name":"wp","href":"https:\/\/api.w.org\/{rel}","templated":true}]}}