{"id":207501,"date":"2011-07-14T00:00:00","date_gmt":"2011-07-14T00:00:00","guid":{"rendered":"https:\/\/www.ecuadortimes.net\/es\/copa-america-ecuador-queda-descalificado\/"},"modified":"2011-07-14T00:00:00","modified_gmt":"2011-07-14T00:00:00","slug":"copa-america-ecuador-queda-descalificado","status":"publish","type":"post","link":"https:\/\/www.ecuadortimes.net\/es\/copa-america-ecuador-queda-descalificado\/","title":{"rendered":"Copa Am\u00e9rica: Ecuador queda descalificado"},"content":{"rendered":"<p>La selecci\u00f3n ecuatoriana dej\u00f3 la Copa Am\u00e9rica despu\u00e9s de un buen partido contra Brasil. El partido termin\u00f3 con un marcador de 4-2, los tricolores celebraron sus dos goles, pero despu\u00e9s de su derrota quedaron fuera del <strong><a href=\"http:\/\/www.ecuadortimes.net\/es\/2011\/07\/12\/copa-america-antonio-valencia-no-jugara-contra-brasil\/\">grupo B<\/a><\/strong> de la Copa Am\u00e9rica.<\/p>\n<p>Alexandre Pato de Brasil anot\u00f3 el primer gol en el minuto 27 del primer tiempo, posteriormente su colega, Neymar consigui\u00f3 otro dos goles, Pato termin\u00f3 el juego con el cuarto gol. Mientras tanto el jugador ecuatoriano Felipe Caicedo hizo dos goles para la tricolor. Ahora la selecci\u00f3n ecuatoriana tiene un compromiso con su pa\u00eds y conseguir un puesto en las eliminatorias antes del Mundial 2014. (AV)<\/p>\n<p>Fuente: Diario El Comercio<\/p>\n","protected":false},"excerpt":{"rendered":"<p>La selecci\u00f3n ecuatoriana dej\u00f3 la Copa Am\u00e9rica despu\u00e9s de un buen partido contra Brasil. El partido termin\u00f3 con un marcador de 4-2, los tricolores celebraron sus dos goles, pero despu\u00e9s de su derrota quedaron fuera del grupo B de la Copa Am\u00e9rica. Alexandre Pato de Brasil anot\u00f3 el primer gol en el minuto 27 del primer tiempo, posteriormente su colega, Neymar consigui\u00f3 otro dos goles, Pato termin\u00f3 el juego con el cuarto gol. Mientras tanto el jugador ecuatoriano Felipe Caicedo hizo dos goles para la tricolor. Ahora la selecci\u00f3n ecuatoriana tiene un compromiso con su pa\u00eds y conseguir un puesto en las eliminatorias antes del Mundial 2014. (AV) Fuente: Diario El Comercio<\/p>\n","protected":false},"author":1,"featured_media":207502,"comment_status":"open","ping_status":"open","sticky":false,"template":"","format":"standard","meta":[],"categories":[39,37],"tags":[],"_links":{"self":[{"href":"https:\/\/www.ecuadortimes.net\/es\/wp-json\/wp\/v2\/posts\/207501"}],"collection":[{"href":"https:\/\/www.ecuadortimes.net\/es\/wp-json\/wp\/v2\/posts"}],"about":[{"href":"https:\/\/www.ecuadortimes.net\/es\/wp-json\/wp\/v2\/types\/post"}],"author":[{"embeddable":true,"href":"https:\/\/www.ecuadortimes.net\/es\/wp-json\/wp\/v2\/users\/1"}],"replies":[{"embeddable":true,"href":"https:\/\/www.ecuadortimes.net\/es\/wp-json\/wp\/v2\/comments?post=207501"}],"version-history":[{"count":0,"href":"https:\/\/www.ecuadortimes.net\/es\/wp-json\/wp\/v2\/posts\/207501\/revisions"}],"wp:featuredmedia":[{"embeddable":true,"href":"https:\/\/www.ecuadortimes.net\/es\/wp-json\/wp\/v2\/media\/207502"}],"wp:attachment":[{"href":"https:\/\/www.ecuadortimes.net\/es\/wp-json\/wp\/v2\/media?parent=207501"}],"wp:term":[{"taxonomy":"category","embeddable":true,"href":"https:\/\/www.ecuadortimes.net\/es\/wp-json\/wp\/v2\/categories?post=207501"},{"taxonomy":"post_tag","embeddable":true,"href":"https:\/\/www.ecuadortimes.net\/es\/wp-json\/wp\/v2\/tags?post=207501"}],"curies":[{"name":"wp","href":"https:\/\/api.w.org\/{rel}","templated":true}]}}