{"id":207503,"date":"2011-07-14T00:00:00","date_gmt":"2011-07-14T00:00:00","guid":{"rendered":"https:\/\/www.ecuadortimes.net\/es\/la-transicion-del-consejo-de-la-judicatura-de-ecuador-esta-en-camino\/"},"modified":"2011-07-14T00:00:00","modified_gmt":"2011-07-14T00:00:00","slug":"la-transicion-del-consejo-de-la-judicatura-de-ecuador-esta-en-camino","status":"publish","type":"post","link":"https:\/\/www.ecuadortimes.net\/es\/la-transicion-del-consejo-de-la-judicatura-de-ecuador-esta-en-camino\/","title":{"rendered":"La transici\u00f3n del Consejo de la Judicatura de Ecuador est\u00e1 en camino"},"content":{"rendered":"<p style=\"text-align: justify;\"><a href=\"http:\/\/www.ecuadortimes.net\/es\/2011\/07\/14\/la-transicion-del-consejo-de-la-judicatura-de-ecuador-esta-en-camino\/judicatura-de-ecuador-2\/\" rel=\"attachment wp-att-34233\"><img loading=\"lazy\" class=\"size-full wp-image-34233 alignright\" title=\"judicatura-de-ecuador\" src=\"http:\/\/media.ecuadortimes.net\/2011\/07\/judicatura-de-ecuador1.jpg\" alt=\"\" width=\"304\" height=\"228\" \/><\/a>Con la publicaci\u00f3n en el Registro Oficial de los resultados del refer\u00e9ndum y de la consulta popular de Ecuador, el Gobierno define las primeras acciones que tendr\u00e1 el nuevo Consejo de la Judicatura transitorio.<\/p>\n<p style=\"text-align: justify;\">Ayer, la ministra de la Pol\u00edtica, Doris Soliz, lanz\u00f3 fechas y dijo que el nuevo Consejo de la Judicatura de Transici\u00f3n podr\u00eda asumir sus funciones a inicios de la pr\u00f3xima semana, con una primera tarea: hacer una auditor\u00eda de todas las acciones del disuelto Consejo de la Judicatura.<\/p>\n<p style=\"text-align: justify;\">Lo primero que har\u00e1 (la Comisi\u00f3n Tripartita) ser\u00e1 un plan de trabajo con una hoja de ruta para los pr\u00f3ximos 18 meses (tiempo en que funcionar\u00e1), e iniciar con celeridad la transformaci\u00f3n de la justicia.\u009d, asegur\u00f3 la ministra. Y agreg\u00f3 que como Gobierno nacional, a trav\u00e9s del Ministerio de Justicia, tienen listas las propuestas e ideas que la nueva instancia judicial podr\u00eda tomar en cuenta para su trabajo, pero no dio detalles.<\/p>\n<p style=\"text-align: justify;\">Esta instancia deber\u00e1 nombrar primero a un director, como uno de los primeros pasos para su funcionamiento. Pero hasta la conformaci\u00f3n de dicha Comisi\u00f3n, la Judicatura pasar\u00e1 por un corto periodo de acefal\u00eda, ya que ayer fue disuelto el Consejo.<\/p>\n<p style=\"text-align: justify;\">Mientras dure ese vac\u00edo, del director ejecutivo del Consejo, Gustavo Donoso, quedar\u00e1 a cargo de los mandos medios.<\/p>\n<p>Fuente: Diario El Universo<\/p>\n","protected":false},"excerpt":{"rendered":"<p>Con la publicaci\u00f3n en el Registro Oficial de los resultados del refer\u00e9ndum y de la consulta popular de Ecuador, el Gobierno define las primeras acciones que tendr\u00e1 el nuevo Consejo de la Judicatura transitorio. Ayer, la ministra de la Pol\u00edtica, Doris Soliz, lanz\u00f3 fechas y dijo que el nuevo Consejo de la Judicatura de Transici\u00f3n podr\u00eda asumir sus funciones a inicios de la pr\u00f3xima semana, con una primera tarea: hacer una auditor\u00eda de todas las acciones del disuelto Consejo de la Judicatura. Lo primero que har\u00e1 (la Comisi\u00f3n Tripartita) ser\u00e1 un plan de trabajo con una hoja de ruta para los pr\u00f3ximos 18 meses (tiempo en que funcionar\u00e1), e iniciar con celeridad la transformaci\u00f3n de la justicia.\u009d, asegur\u00f3 la ministra. Y agreg\u00f3 que como Gobierno nacional, a trav\u00e9s del Ministerio de Justicia, tienen listas las propuestas e ideas que la nueva instancia judicial podr\u00eda tomar en cuenta para su trabajo, pero no dio detalles. Esta instancia deber\u00e1 nombrar primero a un director, como uno de los primeros pasos para su funcionamiento. Pero hasta la conformaci\u00f3n de dicha Comisi\u00f3n, la Judicatura pasar\u00e1 por un corto periodo de acefal\u00eda, ya que ayer fue disuelto el Consejo. Mientras dure ese vac\u00edo, del director ejecutivo del Consejo, Gustavo Donoso, quedar\u00e1 a cargo de los mandos medios. Fuente: Diario El Universo<\/p>\n","protected":false},"author":1,"featured_media":207504,"comment_status":"open","ping_status":"open","sticky":false,"template":"","format":"standard","meta":[],"categories":[40,37],"tags":[],"_links":{"self":[{"href":"https:\/\/www.ecuadortimes.net\/es\/wp-json\/wp\/v2\/posts\/207503"}],"collection":[{"href":"https:\/\/www.ecuadortimes.net\/es\/wp-json\/wp\/v2\/posts"}],"about":[{"href":"https:\/\/www.ecuadortimes.net\/es\/wp-json\/wp\/v2\/types\/post"}],"author":[{"embeddable":true,"href":"https:\/\/www.ecuadortimes.net\/es\/wp-json\/wp\/v2\/users\/1"}],"replies":[{"embeddable":true,"href":"https:\/\/www.ecuadortimes.net\/es\/wp-json\/wp\/v2\/comments?post=207503"}],"version-history":[{"count":0,"href":"https:\/\/www.ecuadortimes.net\/es\/wp-json\/wp\/v2\/posts\/207503\/revisions"}],"wp:featuredmedia":[{"embeddable":true,"href":"https:\/\/www.ecuadortimes.net\/es\/wp-json\/wp\/v2\/media\/207504"}],"wp:attachment":[{"href":"https:\/\/www.ecuadortimes.net\/es\/wp-json\/wp\/v2\/media?parent=207503"}],"wp:term":[{"taxonomy":"category","embeddable":true,"href":"https:\/\/www.ecuadortimes.net\/es\/wp-json\/wp\/v2\/categories?post=207503"},{"taxonomy":"post_tag","embeddable":true,"href":"https:\/\/www.ecuadortimes.net\/es\/wp-json\/wp\/v2\/tags?post=207503"}],"curies":[{"name":"wp","href":"https:\/\/api.w.org\/{rel}","templated":true}]}}