{"id":207507,"date":"2011-07-14T00:00:00","date_gmt":"2011-07-14T00:00:00","guid":{"rendered":"https:\/\/www.ecuadortimes.net\/es\/hugo-chavez-reaparecio-en-caracas\/"},"modified":"2011-07-14T00:00:00","modified_gmt":"2011-07-14T00:00:00","slug":"hugo-chavez-reaparecio-en-caracas","status":"publish","type":"post","link":"https:\/\/www.ecuadortimes.net\/es\/hugo-chavez-reaparecio-en-caracas\/","title":{"rendered":"Hugo Ch\u00e1vez reapareci\u00f3 en Caracas"},"content":{"rendered":"<p style=\"text-align: center;\"><a href=\"http:\/\/www.ecuadortimes.net\/es\/2011\/07\/14\/hugo-chavez-reaparecio-en-caracas\/venezuela-6\/\" rel=\"attachment wp-att-34261\"><img loading=\"lazy\" class=\"size-full wp-image-34261\" title=\"Venezuela\" src=\"http:\/\/media.ecuadortimes.net\/2011\/07\/venezuela1.jpg\" alt=\"\" width=\"320\" height=\"214\" \/><\/a><\/p>\n<p style=\"text-align: justify;\">El presidente Hugo Ch\u00e1vez reapareci\u00f3 este jueves en Caracas para hablar de su batalla contra el c\u00e1ncer\u009d y afirmar que la revoluci\u00f3n socialista\u009d lleg\u00f3 para quedarse en Venezuela.<\/p>\n<p style=\"text-align: justify;\">Con su uniforme militar y boina roja, Ch\u00e1vez acudi\u00f3 a la capitalina y c\u00e9ntrica Plaza Bol\u00edvar e iz\u00f3 la bandera venezolana en conmemoraci\u00f3n del bicentenario de la Independencia venezolana.<\/p>\n<p style=\"text-align: justify;\">El mandatario declar\u00f3 estar inmerso en profundas reflexiones a causa de la emboscada\u009d que le ha tendido la vida, pero subray\u00f3 que la revoluci\u00f3n bolivariana, la revoluci\u00f3n socialista\u009d m\u00e1s nunca se ir\u00e1 de Venezuela.<\/p>\n<p style=\"text-align: justify;\">Al t\u00e9rmino del acto, cientos de simpatizantes le gritaron: pa\u00b4lante comandante\u009d. Ch\u00e1vez cant\u00f3 m\u00fasica tradicional llanera junto al cantante popular Crist\u00f3bal Jim\u00e9nez.<\/p>\n<p>Fuente: Voanews.com<\/p>\n<p>&nbsp;<\/p>\n","protected":false},"excerpt":{"rendered":"<p>El presidente Hugo Ch\u00e1vez reapareci\u00f3 este jueves en Caracas para hablar de su batalla contra el c\u00e1ncer\u009d y afirmar que la revoluci\u00f3n socialista\u009d lleg\u00f3 para quedarse en Venezuela. Con su uniforme militar y boina roja, Ch\u00e1vez acudi\u00f3 a la capitalina y c\u00e9ntrica Plaza Bol\u00edvar e iz\u00f3 la bandera venezolana en conmemoraci\u00f3n del bicentenario de la Independencia venezolana. El mandatario declar\u00f3 estar inmerso en profundas reflexiones a causa de la emboscada\u009d que le ha tendido la vida, pero subray\u00f3 que la revoluci\u00f3n bolivariana, la revoluci\u00f3n socialista\u009d m\u00e1s nunca se ir\u00e1 de Venezuela. Al t\u00e9rmino del acto, cientos de simpatizantes le gritaron: pa\u00b4lante comandante\u009d. Ch\u00e1vez cant\u00f3 m\u00fasica tradicional llanera junto al cantante popular Crist\u00f3bal Jim\u00e9nez. Fuente: Voanews.com &nbsp;<\/p>\n","protected":false},"author":1,"featured_media":207508,"comment_status":"open","ping_status":"open","sticky":false,"template":"","format":"standard","meta":[],"categories":[34,37],"tags":[],"_links":{"self":[{"href":"https:\/\/www.ecuadortimes.net\/es\/wp-json\/wp\/v2\/posts\/207507"}],"collection":[{"href":"https:\/\/www.ecuadortimes.net\/es\/wp-json\/wp\/v2\/posts"}],"about":[{"href":"https:\/\/www.ecuadortimes.net\/es\/wp-json\/wp\/v2\/types\/post"}],"author":[{"embeddable":true,"href":"https:\/\/www.ecuadortimes.net\/es\/wp-json\/wp\/v2\/users\/1"}],"replies":[{"embeddable":true,"href":"https:\/\/www.ecuadortimes.net\/es\/wp-json\/wp\/v2\/comments?post=207507"}],"version-history":[{"count":0,"href":"https:\/\/www.ecuadortimes.net\/es\/wp-json\/wp\/v2\/posts\/207507\/revisions"}],"wp:featuredmedia":[{"embeddable":true,"href":"https:\/\/www.ecuadortimes.net\/es\/wp-json\/wp\/v2\/media\/207508"}],"wp:attachment":[{"href":"https:\/\/www.ecuadortimes.net\/es\/wp-json\/wp\/v2\/media?parent=207507"}],"wp:term":[{"taxonomy":"category","embeddable":true,"href":"https:\/\/www.ecuadortimes.net\/es\/wp-json\/wp\/v2\/categories?post=207507"},{"taxonomy":"post_tag","embeddable":true,"href":"https:\/\/www.ecuadortimes.net\/es\/wp-json\/wp\/v2\/tags?post=207507"}],"curies":[{"name":"wp","href":"https:\/\/api.w.org\/{rel}","templated":true}]}}