{"id":207531,"date":"2011-07-16T00:00:00","date_gmt":"2011-07-16T00:00:00","guid":{"rendered":"https:\/\/www.ecuadortimes.net\/es\/galo-chiriboga-es-elegido-como-el-nuevo-fiscal\/"},"modified":"2011-07-16T00:00:00","modified_gmt":"2011-07-16T00:00:00","slug":"galo-chiriboga-es-elegido-como-el-nuevo-fiscal","status":"publish","type":"post","link":"https:\/\/www.ecuadortimes.net\/es\/galo-chiriboga-es-elegido-como-el-nuevo-fiscal\/","title":{"rendered":"Galo Chiriboga es elegido como el nuevo Fiscal"},"content":{"rendered":"<p>Tras un largo procesos de meritos y oposici\u00f3n, Galo Chiriboga fue elegido como la primera autoridad de la Fiscal\u00eda General de la Naci\u00f3n. El Consejo de Participaci\u00f3n Ciudadana y Control Social, oficializ\u00f3 a Galo Chiriboga como el nuevo fiscal general y anunci\u00f3 que relevar\u00eda en funciones a Washington Pesantez.<\/p>\n<p>El proceso de elecci\u00f3n dur\u00f3 seis meses. El Pleno del Consejo de Participaci\u00f3n notific\u00f3 los resultados\u00a0a la Asamblea Nacional.<\/p>\n<p>Inmediatamente despu\u00e9s Chiriboga realiz\u00f3 una agenda privada de sus actividades en su oficina. (AV)<\/p>\n<p>Fuente: Diario El Comercio<\/p>\n","protected":false},"excerpt":{"rendered":"<p>Tras un largo procesos de meritos y oposici\u00f3n, Galo Chiriboga fue elegido como la primera autoridad de la Fiscal\u00eda General de la Naci\u00f3n. El Consejo de Participaci\u00f3n Ciudadana y Control Social, oficializ\u00f3 a Galo Chiriboga como el nuevo fiscal general y anunci\u00f3 que relevar\u00eda en funciones a Washington Pesantez. El proceso de elecci\u00f3n dur\u00f3 seis meses. El Pleno del Consejo de Participaci\u00f3n notific\u00f3 los resultados\u00a0a la Asamblea Nacional. Inmediatamente despu\u00e9s Chiriboga realiz\u00f3 una agenda privada de sus actividades en su oficina. (AV) Fuente: Diario El Comercio<\/p>\n","protected":false},"author":1,"featured_media":207532,"comment_status":"open","ping_status":"open","sticky":false,"template":"","format":"standard","meta":[],"categories":[40,37],"tags":[],"_links":{"self":[{"href":"https:\/\/www.ecuadortimes.net\/es\/wp-json\/wp\/v2\/posts\/207531"}],"collection":[{"href":"https:\/\/www.ecuadortimes.net\/es\/wp-json\/wp\/v2\/posts"}],"about":[{"href":"https:\/\/www.ecuadortimes.net\/es\/wp-json\/wp\/v2\/types\/post"}],"author":[{"embeddable":true,"href":"https:\/\/www.ecuadortimes.net\/es\/wp-json\/wp\/v2\/users\/1"}],"replies":[{"embeddable":true,"href":"https:\/\/www.ecuadortimes.net\/es\/wp-json\/wp\/v2\/comments?post=207531"}],"version-history":[{"count":0,"href":"https:\/\/www.ecuadortimes.net\/es\/wp-json\/wp\/v2\/posts\/207531\/revisions"}],"wp:featuredmedia":[{"embeddable":true,"href":"https:\/\/www.ecuadortimes.net\/es\/wp-json\/wp\/v2\/media\/207532"}],"wp:attachment":[{"href":"https:\/\/www.ecuadortimes.net\/es\/wp-json\/wp\/v2\/media?parent=207531"}],"wp:term":[{"taxonomy":"category","embeddable":true,"href":"https:\/\/www.ecuadortimes.net\/es\/wp-json\/wp\/v2\/categories?post=207531"},{"taxonomy":"post_tag","embeddable":true,"href":"https:\/\/www.ecuadortimes.net\/es\/wp-json\/wp\/v2\/tags?post=207531"}],"curies":[{"name":"wp","href":"https:\/\/api.w.org\/{rel}","templated":true}]}}