{"id":207864,"date":"2011-08-09T00:00:00","date_gmt":"2011-08-09T00:00:00","guid":{"rendered":"https:\/\/www.ecuadortimes.net\/es\/el-tsunami-de-japon-genero-icebergs-en-la-antartica\/"},"modified":"2011-08-09T00:00:00","modified_gmt":"2011-08-09T00:00:00","slug":"el-tsunami-de-japon-genero-icebergs-en-la-antartica","status":"publish","type":"post","link":"https:\/\/www.ecuadortimes.net\/es\/el-tsunami-de-japon-genero-icebergs-en-la-antartica\/","title":{"rendered":"El Tsunami de Jap\u00f3n gener\u00f3 icebergs en la Ant\u00e1rtica"},"content":{"rendered":"<p style=\"text-align: center;\"><a href=\"http:\/\/www.ecuadortimes.net\/es\/2011\/08\/09\/el-tsunami-de-japon-genero-icebergs-en-la-antartica\/iceberg-2\/\" rel=\"attachment wp-att-36774\"><img loading=\"lazy\" class=\"aligncenter size-full wp-image-36774\" title=\"Iceberg\" src=\"http:\/\/media.ecuadortimes.net\/2011\/08\/Iceberg1.jpg\" alt=\"\" width=\"495\" height=\"371\" \/><\/a><\/p>\n<p style=\"text-align: justify;\">El tsunami desencadenado por el terremoto de magnitud 9 que devast\u00f3 una extensa regi\u00f3n costera en el noreste de Jap\u00f3n el pasado mes de marzo, se hizo notar a m\u00e1s de 13.000 kil\u00f3metros de distancia, en la Ant\u00e1rtida.<\/p>\n<p style=\"text-align: justify;\">Las olas se propagaron por el Pac\u00edfico y su impacto provoc\u00f3 fracturas en la plataforma Sulzberger del continente blanco, de manera que unos grandes trozos de hielo se convirtieron en icebergs que empezaron a flotar en el mar de Ross.<\/p>\n<p style=\"text-align: justify;\">Las im\u00e1genes fueron captadas por el sat\u00e9lite Envisat de la Agencia Europea del Espacio (ESA), pero ha sido una cient\u00edfica de la NASA, Kelly M. Brunt, y dos colaboradores suyos, quienes han logrado relacionar ambos sucesos. Tras los an\u00e1lisis de los datos, estos especialistas en criosfera presentan sus resultados en la revista Journal of Glaciology.<\/p>\n<p style=\"text-align: justify;\">Fuente: El Pa\u00eds<\/p>\n","protected":false},"excerpt":{"rendered":"<p>El tsunami desencadenado por el terremoto de magnitud 9 que devast\u00f3 una extensa regi\u00f3n costera en el noreste de Jap\u00f3n el pasado mes de marzo, se hizo notar a m\u00e1s de 13.000 kil\u00f3metros de distancia, en la Ant\u00e1rtida. Las olas se propagaron por el Pac\u00edfico y su impacto provoc\u00f3 fracturas en la plataforma Sulzberger del continente blanco, de manera que unos grandes trozos de hielo se convirtieron en icebergs que empezaron a flotar en el mar de Ross. Las im\u00e1genes fueron captadas por el sat\u00e9lite Envisat de la Agencia Europea del Espacio (ESA), pero ha sido una cient\u00edfica de la NASA, Kelly M. Brunt, y dos colaboradores suyos, quienes han logrado relacionar ambos sucesos. Tras los an\u00e1lisis de los datos, estos especialistas en criosfera presentan sus resultados en la revista Journal of Glaciology. Fuente: El Pa\u00eds<\/p>\n","protected":false},"author":1,"featured_media":207865,"comment_status":"open","ping_status":"open","sticky":false,"template":"","format":"standard","meta":[],"categories":[36,37],"tags":[],"_links":{"self":[{"href":"https:\/\/www.ecuadortimes.net\/es\/wp-json\/wp\/v2\/posts\/207864"}],"collection":[{"href":"https:\/\/www.ecuadortimes.net\/es\/wp-json\/wp\/v2\/posts"}],"about":[{"href":"https:\/\/www.ecuadortimes.net\/es\/wp-json\/wp\/v2\/types\/post"}],"author":[{"embeddable":true,"href":"https:\/\/www.ecuadortimes.net\/es\/wp-json\/wp\/v2\/users\/1"}],"replies":[{"embeddable":true,"href":"https:\/\/www.ecuadortimes.net\/es\/wp-json\/wp\/v2\/comments?post=207864"}],"version-history":[{"count":0,"href":"https:\/\/www.ecuadortimes.net\/es\/wp-json\/wp\/v2\/posts\/207864\/revisions"}],"wp:featuredmedia":[{"embeddable":true,"href":"https:\/\/www.ecuadortimes.net\/es\/wp-json\/wp\/v2\/media\/207865"}],"wp:attachment":[{"href":"https:\/\/www.ecuadortimes.net\/es\/wp-json\/wp\/v2\/media?parent=207864"}],"wp:term":[{"taxonomy":"category","embeddable":true,"href":"https:\/\/www.ecuadortimes.net\/es\/wp-json\/wp\/v2\/categories?post=207864"},{"taxonomy":"post_tag","embeddable":true,"href":"https:\/\/www.ecuadortimes.net\/es\/wp-json\/wp\/v2\/tags?post=207864"}],"curies":[{"name":"wp","href":"https:\/\/api.w.org\/{rel}","templated":true}]}}