{"id":207890,"date":"2011-08-10T00:00:00","date_gmt":"2011-08-10T00:00:00","guid":{"rendered":"https:\/\/www.ecuadortimes.net\/es\/kbrea2-protesto-por-la-libertad-de-expresion-en-guayaquil\/"},"modified":"2011-08-10T00:00:00","modified_gmt":"2011-08-10T00:00:00","slug":"kbrea2-protesto-por-la-libertad-de-expresion-en-guayaquil","status":"publish","type":"post","link":"https:\/\/www.ecuadortimes.net\/es\/kbrea2-protesto-por-la-libertad-de-expresion-en-guayaquil\/","title":{"rendered":"Kbrea2 protest\u00f3 por la libertad de expresi\u00f3n en Guayaquil"},"content":{"rendered":"<p>Un grupo de personas que se identificaron como &#8220;Kbrea2&#8221; emiti\u00f3 ayer un comunicado para convocar a un plant\u00f3n para defender la libertad de opini\u00f3n en Quito y Guayaquil (Ecuador).<\/p>\n<p>&#8220;No somos ani\u00f1ados ni pelucones, somos gente productiva de clase trabajadora que en muchas ocasiones damos trabajo a los dem\u00e1s&#8221;. Mediante comunicado expresan que ahora han &#8220;perdido el miedo&#8221; y quieren que la gente sepa que lo \u00fanico que buscan es defender la libertad.<\/p>\n<p>En Guayaquil la protesta empez\u00f3 a las 17:00 en la Plaza de San Francisco.\u00a0(AV)<\/p>\n","protected":false},"excerpt":{"rendered":"<p>Un grupo de personas que se identificaron como &#8220;Kbrea2&#8221; emiti\u00f3 ayer un comunicado para convocar a un plant\u00f3n para defender la libertad de opini\u00f3n en Quito y Guayaquil (Ecuador). &#8220;No somos ani\u00f1ados ni pelucones, somos gente productiva de clase trabajadora que en muchas ocasiones damos trabajo a los dem\u00e1s&#8221;. Mediante comunicado expresan que ahora han &#8220;perdido el miedo&#8221; y quieren que la gente sepa que lo \u00fanico que buscan es defender la libertad. En Guayaquil la protesta empez\u00f3 a las 17:00 en la Plaza de San Francisco.\u00a0(AV)<\/p>\n","protected":false},"author":1,"featured_media":207891,"comment_status":"open","ping_status":"open","sticky":false,"template":"","format":"standard","meta":[],"categories":[40,37],"tags":[],"_links":{"self":[{"href":"https:\/\/www.ecuadortimes.net\/es\/wp-json\/wp\/v2\/posts\/207890"}],"collection":[{"href":"https:\/\/www.ecuadortimes.net\/es\/wp-json\/wp\/v2\/posts"}],"about":[{"href":"https:\/\/www.ecuadortimes.net\/es\/wp-json\/wp\/v2\/types\/post"}],"author":[{"embeddable":true,"href":"https:\/\/www.ecuadortimes.net\/es\/wp-json\/wp\/v2\/users\/1"}],"replies":[{"embeddable":true,"href":"https:\/\/www.ecuadortimes.net\/es\/wp-json\/wp\/v2\/comments?post=207890"}],"version-history":[{"count":0,"href":"https:\/\/www.ecuadortimes.net\/es\/wp-json\/wp\/v2\/posts\/207890\/revisions"}],"wp:featuredmedia":[{"embeddable":true,"href":"https:\/\/www.ecuadortimes.net\/es\/wp-json\/wp\/v2\/media\/207891"}],"wp:attachment":[{"href":"https:\/\/www.ecuadortimes.net\/es\/wp-json\/wp\/v2\/media?parent=207890"}],"wp:term":[{"taxonomy":"category","embeddable":true,"href":"https:\/\/www.ecuadortimes.net\/es\/wp-json\/wp\/v2\/categories?post=207890"},{"taxonomy":"post_tag","embeddable":true,"href":"https:\/\/www.ecuadortimes.net\/es\/wp-json\/wp\/v2\/tags?post=207890"}],"curies":[{"name":"wp","href":"https:\/\/api.w.org\/{rel}","templated":true}]}}