{"id":207892,"date":"2011-08-11T00:00:00","date_gmt":"2011-08-11T00:00:00","guid":{"rendered":"https:\/\/www.ecuadortimes.net\/es\/ministros-de-finanza-de-unasur-buscan-blindar-economia-sudamericana\/"},"modified":"2011-08-11T00:00:00","modified_gmt":"2011-08-11T00:00:00","slug":"ministros-de-finanza-de-unasur-buscan-blindar-economia-sudamericana","status":"publish","type":"post","link":"https:\/\/www.ecuadortimes.net\/es\/ministros-de-finanza-de-unasur-buscan-blindar-economia-sudamericana\/","title":{"rendered":"Ministros de finanza de Unasur buscan blindar econom\u00eda Sudam\u00e9ricana"},"content":{"rendered":"<p style=\"text-align: justify;\"><a href=\"http:\/\/www.ecuadortimes.net\/es\/2011\/08\/11\/ministros-de-finanza-de-unasur-buscaran-blindar-la-economia-sudamericana\/latin-american-economy-2\/\" rel=\"attachment wp-att-37012\"><img loading=\"lazy\" class=\"size-full wp-image-37012 alignright\" title=\"Econom\u00eda latinoamericana\" src=\"http:\/\/media.ecuadortimes.net\/2011\/08\/Latin-American-economy1.png\" alt=\"\" width=\"284\" height=\"189\" \/><\/a>Por primera vez en mucho tiempo, Sudam\u00e9rica no est\u00e1 en el ojo del hurac\u00e1n de la crisis y no es su v\u00edctima inmediata; al contrario, su econom\u00eda crece.<\/p>\n<p style=\"text-align: justify;\">Para asegurar ese buen momento, los ministros de Finanzas de los doce pa\u00edses de la Unasur se reunir\u00e1n ma\u00f1ana en Buenos Aires en busca de medidas y una coordinaci\u00f3n que los blinde.<\/p>\n<p style=\"text-align: justify;\">Tras a\u00f1os de dur\u00edsimas pol\u00edticas de ajuste, hoy Sudam\u00e9rica tiene una situaci\u00f3n fiscal s\u00f3lida, elevadas reservas internacionales, crecimiento econ\u00f3mico y empleo; pero no se puede decir que estemos inmunizados. Si hay una nueva recesi\u00f3n en EE.UU. y Europa, acabar\u00e1 afectando a Am\u00e9rica Latina, sobre todo al comercio\u009d, advirti\u00f3 Rubens Ricupero, exjefe de la Conferencia de la ONU sobre Comercio y Desarrollo.<\/p>\n<p>Fuente: Diario El Universo<\/p>\n","protected":false},"excerpt":{"rendered":"<p>Por primera vez en mucho tiempo, Sudam\u00e9rica no est\u00e1 en el ojo del hurac\u00e1n de la crisis y no es su v\u00edctima inmediata; al contrario, su econom\u00eda crece. Para asegurar ese buen momento, los ministros de Finanzas de los doce pa\u00edses de la Unasur se reunir\u00e1n ma\u00f1ana en Buenos Aires en busca de medidas y una coordinaci\u00f3n que los blinde. Tras a\u00f1os de dur\u00edsimas pol\u00edticas de ajuste, hoy Sudam\u00e9rica tiene una situaci\u00f3n fiscal s\u00f3lida, elevadas reservas internacionales, crecimiento econ\u00f3mico y empleo; pero no se puede decir que estemos inmunizados. Si hay una nueva recesi\u00f3n en EE.UU. y Europa, acabar\u00e1 afectando a Am\u00e9rica Latina, sobre todo al comercio\u009d, advirti\u00f3 Rubens Ricupero, exjefe de la Conferencia de la ONU sobre Comercio y Desarrollo. Fuente: Diario El Universo<\/p>\n","protected":false},"author":1,"featured_media":0,"comment_status":"open","ping_status":"open","sticky":false,"template":"","format":"standard","meta":[],"categories":[30],"tags":[],"_links":{"self":[{"href":"https:\/\/www.ecuadortimes.net\/es\/wp-json\/wp\/v2\/posts\/207892"}],"collection":[{"href":"https:\/\/www.ecuadortimes.net\/es\/wp-json\/wp\/v2\/posts"}],"about":[{"href":"https:\/\/www.ecuadortimes.net\/es\/wp-json\/wp\/v2\/types\/post"}],"author":[{"embeddable":true,"href":"https:\/\/www.ecuadortimes.net\/es\/wp-json\/wp\/v2\/users\/1"}],"replies":[{"embeddable":true,"href":"https:\/\/www.ecuadortimes.net\/es\/wp-json\/wp\/v2\/comments?post=207892"}],"version-history":[{"count":0,"href":"https:\/\/www.ecuadortimes.net\/es\/wp-json\/wp\/v2\/posts\/207892\/revisions"}],"wp:attachment":[{"href":"https:\/\/www.ecuadortimes.net\/es\/wp-json\/wp\/v2\/media?parent=207892"}],"wp:term":[{"taxonomy":"category","embeddable":true,"href":"https:\/\/www.ecuadortimes.net\/es\/wp-json\/wp\/v2\/categories?post=207892"},{"taxonomy":"post_tag","embeddable":true,"href":"https:\/\/www.ecuadortimes.net\/es\/wp-json\/wp\/v2\/tags?post=207892"}],"curies":[{"name":"wp","href":"https:\/\/api.w.org\/{rel}","templated":true}]}}